{"id":8400,"date":"2026-03-14T04:01:30","date_gmt":"2026-03-14T04:01:30","guid":{"rendered":"https:\/\/www.newsrecorder.ro\/app\/2026\/03\/14\/preturile-la-benzina-si-motorina-explodeaza-in-romania-depasind-ungaria\/"},"modified":"2026-03-14T04:01:30","modified_gmt":"2026-03-14T04:01:30","slug":"preturile-la-benzina-si-motorina-explodeaza-in-romania-depasind-ungaria","status":"publish","type":"post","link":"https:\/\/www.newsrecorder.ro\/app\/2026\/03\/14\/preturile-la-benzina-si-motorina-explodeaza-in-romania-depasind-ungaria\/","title":{"rendered":"Pre\u021burile la benzin\u0103 \u0219i motorin\u0103 explodeaz\u0103 \u00een Rom\u00e2nia, dep\u0103\u0219ind Ungaria!"},"content":{"rendered":"<p><em>\u201eGuvernul Ungariei protejeaz\u0103 familiile \u0219i economia na\u021bional\u0103 prin plafonarea pre\u021burilor la combustibili, chiar \u0219i \u00een contextul blocadei petroliere din Ucraina. \u00cen sudul Transilvaniei, \u00eens\u0103, la sta\u021bia MOL din Alvinci, litrul de motorin\u0103 este cu 70 de forin\u021bi mai scump, iar cel de benzin\u0103 95 cu 62 de forin\u021bi mai mult dec\u00e2t \u00een Ungaria,\u201d<\/em> a declarat N\u00e9meth \u00eentr-o postare pe Facebook.<\/p>\n<p>Conform <a href=\"https:\/\/ripost.hu\/insider\/2026\/03\/olajarrobbanas-uzemanyag-erdely\" target=\"_blank\" rel=\"noopener\">ziarului maghiar Ripost,<\/a> care a preluat mesajul oficialului din guvernul Orb\u00e1n, membru al partidului Fidesz, <em>\u201eeste clar c\u0103 efectele exploziei pre\u021bului la petrol se simt deja \u00een est, mai ales pentru cei care locuiesc aici \u0219i care trebuie s\u0103 pl\u0103teasc\u0103 cu aproape 100 de forin\u021bi mai mult\u201d<\/em> (n.r. \u2013 1,30 lei).<\/p>\n<p>O fotografie publicat\u0103 de N\u00e9meth pe Facebook, realizat\u0103 la o benzin\u0103rie din Vin\u021bu de Jos (n.r. \u2013 <em>Alvinci<\/em>), din jude\u021bul Alba, ar\u0103ta c\u0103 litrul de benzin\u0103 cost\u0103 8,63 lei, \u00een timp ce litrul de motorin\u0103 se vinde cu 8,89 lei.<\/p>\n<p>Recent, Guvernul maghiar a decis plafonarea pre\u021burilor la combustibil pentru a sprijini cet\u0103\u021benii \u0219i transportatorii din Ungaria, \u00een contextul cre\u0219terii pre\u021burilor pe fondul crizei petroliere cauzate de \u00eentreruperea transportului de \u021bi\u021bei rusesc prin conducta Drujba, de care Ungaria depinde, \u0219i de scumpirile provocate de r\u0103zboiul din Golf.<\/p>\n<p><strong>Situa\u021bia din Rom\u00e2nia, incert\u0103<\/strong><\/p>\n<p>Referitor la contextul din Rom\u00e2nia, premierul <a href=\"https:\/\/www.mediafax.ro\/stirile-zilei\/bolojan-explica-de-ce-statul-nu-poate-opri-scumpirea-carburantilor-trebuie-sa-fim-realisti-si-sa-nu-actionam-ca-niste-piromani-economici-23702090\" target=\"_blank\" rel=\"noopener\">Ilie Bolojan<\/a> a explicat joi c\u0103 \u021bara noastr\u0103 nu poate interveni direct pentru a stopa cre\u0219terea pre\u021burilor la carburan\u021bi, din cauza major\u0103rii pre\u021burilor la nivel global, av\u00e2nd \u00een vedere c\u0103 Rom\u00e2nia import\u0103 dou\u0103 treimi din \u021bi\u021bei \u0219i produse petroliere. Vineri seara, ministrul Energiei, <a href=\"https:\/\/www.mediafax.ro\/politic\/ministrul-energiei-a-pregatit-documentele-necesare-pentru-declararea-starii-de-criza-in-domeniul-energetic-23702750\" target=\"_blank\" rel=\"noopener\">Bogdan Ivan<\/a>, a anun\u021bat c\u0103 a transmis Guvernului un document de lucru pentru declan\u0219area unei st\u0103ri de criz\u0103, \u00een caz de cre\u0219tere continu\u0103 a pre\u021burilor la petrol.<\/p>\n<p><em>\u201eDac\u0103 pre\u021burile carburan\u021bilor continu\u0103 s\u0103 creasc\u0103, avem nevoie de un cadru legal care s\u0103 ne permit\u0103, ca Guvern, s\u0103 declar\u0103m o situa\u021bie de criz\u0103 \u00een domeniul energetic \u0219i s\u0103 putem lua m\u0103suri temporare pentru a atenua impactul negativ asupra popula\u021biei \u0219i companiilor,\u201d<\/em> a afirmat Ivan la Digi24.<\/p>\n<p><strong>Deciziile SUA ar putea influen\u021ba pre\u021burile globale<\/strong><\/p>\n<p>\u00cen ceea ce prive\u0219te evolu\u021biile din Iran, este important de men\u021bionat c\u0103 <a href=\"https:\/\/www.mediafax.ro\/externe\/sua-le-permite-temporar-tarilor-sa-cumpere-petrol-rusesc-decizia-ar-putea-starni-tensiuni-23702166\" target=\"_blank\" rel=\"noopener\">SUA au ridicat temporar sanc\u021biunile asupra petrolului rusesc<\/a> aflat deja \u00een tranzit. Aceast\u0103 derogare de la sanc\u021biuni este valabil\u0103 pentru o perioad\u0103 de 30 de zile. Totu\u0219i, atacurile asupra petrolierelor \u00een Str\u00e2mtoarea Ormuz continu\u0103, iar, de\u0219i firmele de transport solicit\u0103 escorte militare, SUA nu au implementat \u00eenc\u0103 aceast\u0103 m\u0103sur\u0103, limit\u00e2ndu-se la declara\u021bii.<\/p>\n","protected":false},"excerpt":{"rendered":"<p>\u201eGuvernul Ungariei protejeaz\u0103 familiile \u0219i economia na\u021bional\u0103 prin plafonarea pre\u021burilor la combustibili, chiar \u0219i \u00een contextul blocadei petroliere din Ucraina. \u00cen sudul Transilvaniei, \u00eens\u0103, la sta\u021bia MOL din Alvinci, litrul de motorin\u0103 este cu 70 de forin\u021bi mai scump, iar cel de benzin\u0103 95 cu 62 de forin\u021bi mai mult dec\u00e2t \u00een Ungaria,\u201d a declarat [&hellip;]<\/p>\n","protected":false},"author":2,"featured_media":8401,"comment_status":"open","ping_status":"open","sticky":false,"template":"","format":"standard","meta":{"jnews-multi-image_gallery":[],"jnews_single_post":[],"jnews_primary_category":[],"jnews_override_counter":[],"footnotes":""},"categories":[39],"tags":[5495,11249,11251,11250,10488,10924,9593,263],"class_list":["post-8400","post","type-post","status-publish","format-standard","has-post-thumbnail","hentry","category-stirile-zilei","tag-blocada-petroliera","tag-guvernul-ungar","tag-nemeth","tag-partid-fidesz","tag-pret-benzina","tag-pret-motorina","tag-preturi-combustibili","tag-transilvania"],"_links":{"self":[{"href":"https:\/\/www.newsrecorder.ro\/app\/wp-json\/wp\/v2\/posts\/8400","targetHints":{"allow":["GET"]}}],"collection":[{"href":"https:\/\/www.newsrecorder.ro\/app\/wp-json\/wp\/v2\/posts"}],"about":[{"href":"https:\/\/www.newsrecorder.ro\/app\/wp-json\/wp\/v2\/types\/post"}],"author":[{"embeddable":true,"href":"https:\/\/www.newsrecorder.ro\/app\/wp-json\/wp\/v2\/users\/2"}],"replies":[{"embeddable":true,"href":"https:\/\/www.newsrecorder.ro\/app\/wp-json\/wp\/v2\/comments?post=8400"}],"version-history":[{"count":0,"href":"https:\/\/www.newsrecorder.ro\/app\/wp-json\/wp\/v2\/posts\/8400\/revisions"}],"wp:featuredmedia":[{"embeddable":true,"href":"https:\/\/www.newsrecorder.ro\/app\/wp-json\/wp\/v2\/media\/8401"}],"wp:attachment":[{"href":"https:\/\/www.newsrecorder.ro\/app\/wp-json\/wp\/v2\/media?parent=8400"}],"wp:term":[{"taxonomy":"category","embeddable":true,"href":"https:\/\/www.newsrecorder.ro\/app\/wp-json\/wp\/v2\/categories?post=8400"},{"taxonomy":"post_tag","embeddable":true,"href":"https:\/\/www.newsrecorder.ro\/app\/wp-json\/wp\/v2\/tags?post=8400"}],"curies":[{"name":"wp","href":"https:\/\/api.w.org\/{rel}","templated":true}]}}