{"id":8410,"date":"2026-03-14T10:56:11","date_gmt":"2026-03-14T10:56:11","guid":{"rendered":"https:\/\/www.newsrecorder.ro\/app\/2026\/03\/14\/ministrul-apararii-romania-un-partener-de-incredere-pentru-sua\/"},"modified":"2026-03-14T10:56:11","modified_gmt":"2026-03-14T10:56:11","slug":"ministrul-apararii-romania-un-partener-de-incredere-pentru-sua","status":"publish","type":"post","link":"https:\/\/www.newsrecorder.ro\/app\/2026\/03\/14\/ministrul-apararii-romania-un-partener-de-incredere-pentru-sua\/","title":{"rendered":"Ministrul Ap\u0103r\u0103rii: Rom\u00e2nia, un partener de \u00eencredere pentru SUA!"},"content":{"rendered":"<p>Ministrul Ap\u0103r\u0103rii Na\u021bionale, <a href=\"https:\/\/www.mediafax.ro\/politic\/radu-miruta-sporirea-capacitatii-de-aparare-este-o-responsabilitate-nu-un-moft-23701175\">Radu Miru\u021b\u0103<\/a>, a avut o \u00eent\u00e2lnire fructuoas\u0103 cu noul ambasador al Statelor Unite ale Americii la Bucure\u0219ti, Darryl Nirenberg. Aceast\u0103 discu\u021bie s-a concentrat pe \u00eent\u0103rirea cooper\u0103rii \u00een domeniul ap\u0103r\u0103rii \u0219i pe analiza evolu\u021biilor de securitate din regiune.<\/p>\n<p>Ministrul Miru\u021b\u0103 a descris dialogul ca fiind \u201efoarte deschis\u201d, marc\u00e2nd astfel \u00eenceputul mandatului noului diplomat american \u00een Rom\u00e2nia. \u00cen cadrul \u00eent\u00e2lnirii, au fost discutate aspecte esen\u021biale privind cooperarea militar\u0103 bilateral\u0103, precum \u0219i \u00eent\u0103rirea prezen\u021bei NATO pe Flancul Estic, \u00een contextul provoc\u0103rilor actuale de securitate.<\/p>\n<p>\u201eRom\u00e2nia \u0219i Statele Unite au construit, \u00een timp, un parteneriat solid, demonstrat prin ac\u021biuni concrete \u0219i nu doar prin declara\u021bii\u201d, a subliniat Miru\u021b\u0103 pe re\u021belele sociale.<\/p>\n<p>Discu\u021biile au inclus, de asemenea, sprijinul acordat Ucrainei \u00een fa\u021ba conflictelor actuale \u0219i implica\u021biile acestora asupra stabilit\u0103\u021bii globale. \u201eAm avut ast\u0103zi o discu\u021bie foarte deschis\u0103 cu E.S. Darryl Nirenberg, noul ambasador al Statelor Unite ale Americii \u00een Rom\u00e2nia, c\u0103ruia i-am urat succes la \u00eenceput de mandat\u201d, a declarat ministrul.<\/p>\n<p>Miru\u021b\u0103 a accentuat angajamentele Rom\u00e2niei fa\u021b\u0103 de NATO, chiar \u0219i \u00een fa\u021ba unui context economic provocator: \u201eRom\u00e2nia r\u0103m\u00e2ne un sus\u021bin\u0103tor ferm al Parteneriatului Strategic cu Statele Unite \u0219i al rela\u021biei transatlantice. Chiar \u0219i \u00eentr-un context fiscal dificil, ne respect\u0103m angajamentele asumate \u00een cadrul NATO \u0219i continu\u0103m s\u0103 investim \u00een securitatea \u0219i ap\u0103rarea noastr\u0103. Rom\u00e2nia a demonstrat c\u0103 este un partener de \u00eencredere \u0219i serios\u201d, a ad\u0103ugat acesta.<\/p>\n<p>Ministrul Ap\u0103r\u0103rii a reiterat, de asemenea, importan\u021ba prezen\u021bei militare americane \u00een Rom\u00e2nia. \u201ePrezen\u021ba militar\u0103 american\u0103 \u00een Rom\u00e2nia, al\u0103turi de investi\u021biile SUA \u00een domenii strategice \u0219i tehnologice, contribuie direct la consolidarea securit\u0103\u021bii na\u021bionale \u0219i la \u00eent\u0103rirea pozi\u021biei \u021b\u0103rii noastre \u00een cadrul NATO \u0219i al comunit\u0103\u021bii euro-atlantice\u201d, a declarat el.<\/p>\n<p>\u00cen concluzie, Miru\u021b\u0103 a subliniat c\u0103 parteneriatul strategic dintre Rom\u00e2nia \u0219i Statele Unite r\u0103m\u00e2ne esen\u021bial pentru stabilitatea \u00een regiune: \u201eParteneriatul strategic dintre Rom\u00e2nia \u0219i SUA r\u0103m\u00e2ne un pilon fundamental pentru securitatea \u0219i stabilitatea regiunii noastre\u201d.<\/p>\n","protected":false},"excerpt":{"rendered":"<p>Ministrul Ap\u0103r\u0103rii Na\u021bionale, Radu Miru\u021b\u0103, a avut o \u00eent\u00e2lnire fructuoas\u0103 cu noul ambasador al Statelor Unite ale Americii la Bucure\u0219ti, Darryl Nirenberg. Aceast\u0103 discu\u021bie s-a concentrat pe \u00eent\u0103rirea cooper\u0103rii \u00een domeniul ap\u0103r\u0103rii \u0219i pe analiza evolu\u021biilor de securitate din regiune. Ministrul Miru\u021b\u0103 a descris dialogul ca fiind \u201efoarte deschis\u201d, marc\u00e2nd astfel \u00eenceputul mandatului noului diplomat [&hellip;]<\/p>\n","protected":false},"author":2,"featured_media":8411,"comment_status":"open","ping_status":"open","sticky":false,"template":"","format":"standard","meta":{"jnews-multi-image_gallery":[],"jnews_single_post":[],"jnews_primary_category":[],"jnews_override_counter":[],"footnotes":""},"categories":[42],"tags":[409,659,3463,352,149,874,680,682],"class_list":["post-8410","post","type-post","status-publish","format-standard","has-post-thumbnail","hentry","category-politica","tag-aparare","tag-cooperare","tag-diplomat","tag-nato","tag-romania","tag-securitate","tag-statele-unite","tag-ucraina"],"_links":{"self":[{"href":"https:\/\/www.newsrecorder.ro\/app\/wp-json\/wp\/v2\/posts\/8410","targetHints":{"allow":["GET"]}}],"collection":[{"href":"https:\/\/www.newsrecorder.ro\/app\/wp-json\/wp\/v2\/posts"}],"about":[{"href":"https:\/\/www.newsrecorder.ro\/app\/wp-json\/wp\/v2\/types\/post"}],"author":[{"embeddable":true,"href":"https:\/\/www.newsrecorder.ro\/app\/wp-json\/wp\/v2\/users\/2"}],"replies":[{"embeddable":true,"href":"https:\/\/www.newsrecorder.ro\/app\/wp-json\/wp\/v2\/comments?post=8410"}],"version-history":[{"count":0,"href":"https:\/\/www.newsrecorder.ro\/app\/wp-json\/wp\/v2\/posts\/8410\/revisions"}],"wp:featuredmedia":[{"embeddable":true,"href":"https:\/\/www.newsrecorder.ro\/app\/wp-json\/wp\/v2\/media\/8411"}],"wp:attachment":[{"href":"https:\/\/www.newsrecorder.ro\/app\/wp-json\/wp\/v2\/media?parent=8410"}],"wp:term":[{"taxonomy":"category","embeddable":true,"href":"https:\/\/www.newsrecorder.ro\/app\/wp-json\/wp\/v2\/categories?post=8410"},{"taxonomy":"post_tag","embeddable":true,"href":"https:\/\/www.newsrecorder.ro\/app\/wp-json\/wp\/v2\/tags?post=8410"}],"curies":[{"name":"wp","href":"https:\/\/api.w.org\/{rel}","templated":true}]}}