{"id":8414,"date":"2026-03-14T10:56:52","date_gmt":"2026-03-14T10:56:52","guid":{"rendered":"https:\/\/www.newsrecorder.ro\/app\/2026\/03\/14\/ambasadorul-rusiei-romania-nu-poate-suporta-costurile-unirii-cu-moldova\/"},"modified":"2026-03-14T10:56:52","modified_gmt":"2026-03-14T10:56:52","slug":"ambasadorul-rusiei-romania-nu-poate-suporta-costurile-unirii-cu-moldova","status":"publish","type":"post","link":"https:\/\/www.newsrecorder.ro\/app\/2026\/03\/14\/ambasadorul-rusiei-romania-nu-poate-suporta-costurile-unirii-cu-moldova\/","title":{"rendered":"Ambasadorul Rusiei: Rom\u00e2nia nu poate suporta costurile unirii cu Moldova!"},"content":{"rendered":"<p>Vladimir Lipaev, ambasadorul Republicii Moldova, a subliniat recent c\u0103 \u021bara sa se num\u0103r\u0103 printre cele mai s\u0103race din Europa, suger\u00e2nd c\u0103 o eventual\u0103 reunificare cu Rom\u00e2nia ar putea crea dificult\u0103\u021bi economice pentru Bucure\u0219ti, din cauza costurilor bugetare implicate \u00een acest proces.<\/p>\n<p>\u201eMoldova modern\u0103 se confrunt\u0103 cu dificult\u0103\u021bi economice severe, \u00een mare parte din cauza politicilor promovate de echipa condus\u0103 de Maia Sandu. Exist\u0103 temeri fondate c\u0103 bugetul rom\u00e2nesc nu va putea sus\u021bine cheltuielile necesare unific\u0103rii. Discu\u021biile s-au concentrat mai mult pe integrarea Moldovei \u00een Uniunea European\u0103, ceea ce ar permite Rom\u00e2niei s\u0103 transfere o parte considerabil\u0103 din costuri c\u0103tre partenerii interna\u021bionali\u201d, a declarat Lipaev \u00eentr-un interviu pentru agen\u021bia TASS.<\/p>\n<p>\u00cen ceea ce prive\u0219te sprijinul popular pentru ideea unirii, ambasadorul a exprimat \u00eengrijor\u0103ri, sus\u021bin\u00e2nd c\u0103 majoritatea cet\u0103\u021benilor din Republica Moldova nu sunt \u00een favoarea acestui proiect, invoc\u00e2nd motive istorice. \u201e\u00cen secolul XX, Moldova a fost supus\u0103 la dou\u0103 ocupa\u021bii rom\u00e2ne\u0219ti. Prima a avut loc \u00een 1918, c\u00e2nd Rom\u00e2nia, profit\u00e2nd de sl\u0103biciunea statului sovietic, a trimis trupe \u00een Basarabia. Aceast\u0103 ocupa\u021bie a durat p\u00e2n\u0103 \u00een 1940. \u00cen 1941, Rom\u00e2nia a invadat Moldova sovietic\u0103 ca parte a coali\u021biei hitleriste, justific\u00e2ndu-\u0219i ac\u021biunile prin restituirea a\u0219a-ziselor teritorii rom\u00e2ne\u0219ti. Totu\u0219i, Basarabia nu a fost niciodat\u0103 parte din Rom\u00e2nia independent\u0103. Amintirea acestor evenimente continu\u0103 s\u0103 influen\u021beze percep\u021bia poporului moldovenesc, servind drept un fel de vaccin \u00eempotriva ideii de unificare. Majoritatea popula\u021biei nu sus\u021bine aceast\u0103 ini\u021biativ\u0103\u201d, a ad\u0103ugat diplomat.<\/p>\n<p>\u00cen plus, Lipaev a acuzat Rom\u00e2nia de exercitarea unei influen\u021be semnificative asupra politicii \u0219i institu\u021biilor din Republica Moldova. \u201eRom\u00e2nia vorbe\u0219te constant despre \u2018rela\u021bia sa special\u0103\u2019 cu Republica Moldova. Prin intermediul elitelor politice afiliate Bucure\u0219tiului, se urm\u0103re\u0219te o \u2018rom\u00e2nizare\u2019 a societ\u0103\u021bii, care este impus\u0103 \u00een mod direct. \u00cen \u0219coli se pred\u0103 limba rom\u00e2n\u0103, nu cea moldoveneasc\u0103, iar istoria rom\u00e2nilor este prezentat\u0103, \u00een mod distorsionat, \u00een detrimentul istoriei moldovenilor. Aproape to\u021bi politicienii de frunte, inclusiv pre\u0219edinta Maia Sandu, au pa\u0219apoarte rom\u00e2ne\u0219ti. Fo\u0219ti \u0219i actuali oficiali rom\u00e2ni ocup\u0103 func\u021bii cheie \u00een guvern, iar sistemele de securitate, energetic \u0219i bancar ale Republicii Moldova sunt sub controlul direct al Bucure\u0219tiului\u201d, a afirmat ambasadorul.<\/p>\n<p>Pe de alt\u0103 parte, la \u00eenceputul lunii ianuarie, pre\u0219edinta Republicii Moldova, Maia Sandu, a declarat c\u0103 ar sus\u021bine reunificarea cu Rom\u00e2nia, \u00een cazul \u00een care ar avea loc un referendum pe aceast\u0103 tem\u0103. De asemenea, pre\u0219edintele Nicu\u0219or Dan a exprimat o pozi\u021bie similar\u0103, dar a subliniat c\u0103, \u00een prezent, nu exist\u0103 o majoritate favorabil\u0103. Premierul Ilie Bolojan a declarat, de asemenea, c\u0103 ar vota pentru unirea cu Moldova, eviden\u021biind astfel o deschidere \u00een r\u00e2ndul oficialilor rom\u00e2ni fa\u021b\u0103 de aceast\u0103 chestiune.<\/p>\n","protected":false},"excerpt":{"rendered":"<p>Vladimir Lipaev, ambasadorul Republicii Moldova, a subliniat recent c\u0103 \u021bara sa se num\u0103r\u0103 printre cele mai s\u0103race din Europa, suger\u00e2nd c\u0103 o eventual\u0103 reunificare cu Rom\u00e2nia ar putea crea dificult\u0103\u021bi economice pentru Bucure\u0219ti, din cauza costurilor bugetare implicate \u00een acest proces. \u201eMoldova modern\u0103 se confrunt\u0103 cu dificult\u0103\u021bi economice severe, \u00een mare parte din cauza politicilor [&hellip;]<\/p>\n","protected":false},"author":2,"featured_media":8415,"comment_status":"open","ping_status":"open","sticky":false,"template":"","format":"standard","meta":{"jnews-multi-image_gallery":[],"jnews_single_post":[],"jnews_primary_category":[],"jnews_override_counter":[],"footnotes":""},"categories":[42],"tags":[3460,5407,285,11271,149,3008,321,11270],"class_list":["post-8414","post","type-post","status-publish","format-standard","has-post-thumbnail","hentry","category-politica","tag-ambasador","tag-dificultati-economice","tag-republica-moldova","tag-reunificare","tag-romania","tag-unirea","tag-uniunea-europeana","tag-vladimir-lipaev"],"_links":{"self":[{"href":"https:\/\/www.newsrecorder.ro\/app\/wp-json\/wp\/v2\/posts\/8414","targetHints":{"allow":["GET"]}}],"collection":[{"href":"https:\/\/www.newsrecorder.ro\/app\/wp-json\/wp\/v2\/posts"}],"about":[{"href":"https:\/\/www.newsrecorder.ro\/app\/wp-json\/wp\/v2\/types\/post"}],"author":[{"embeddable":true,"href":"https:\/\/www.newsrecorder.ro\/app\/wp-json\/wp\/v2\/users\/2"}],"replies":[{"embeddable":true,"href":"https:\/\/www.newsrecorder.ro\/app\/wp-json\/wp\/v2\/comments?post=8414"}],"version-history":[{"count":0,"href":"https:\/\/www.newsrecorder.ro\/app\/wp-json\/wp\/v2\/posts\/8414\/revisions"}],"wp:featuredmedia":[{"embeddable":true,"href":"https:\/\/www.newsrecorder.ro\/app\/wp-json\/wp\/v2\/media\/8415"}],"wp:attachment":[{"href":"https:\/\/www.newsrecorder.ro\/app\/wp-json\/wp\/v2\/media?parent=8414"}],"wp:term":[{"taxonomy":"category","embeddable":true,"href":"https:\/\/www.newsrecorder.ro\/app\/wp-json\/wp\/v2\/categories?post=8414"},{"taxonomy":"post_tag","embeddable":true,"href":"https:\/\/www.newsrecorder.ro\/app\/wp-json\/wp\/v2\/tags?post=8414"}],"curies":[{"name":"wp","href":"https:\/\/api.w.org\/{rel}","templated":true}]}}