{"id":8428,"date":"2026-03-14T14:16:06","date_gmt":"2026-03-14T14:16:06","guid":{"rendered":"https:\/\/www.newsrecorder.ro\/app\/2026\/03\/14\/ministrul-apararii-din-israel-razboiul-ajunge-in-etapa-cruciala\/"},"modified":"2026-03-14T14:16:06","modified_gmt":"2026-03-14T14:16:06","slug":"ministrul-apararii-din-israel-razboiul-ajunge-in-etapa-cruciala","status":"publish","type":"post","link":"https:\/\/www.newsrecorder.ro\/app\/2026\/03\/14\/ministrul-apararii-din-israel-razboiul-ajunge-in-etapa-cruciala\/","title":{"rendered":"Ministrul Ap\u0103r\u0103rii din Israel: R\u0103zboiul ajunge \u00een etapa crucial\u0103!"},"content":{"rendered":"<p>\u00centr-o analiz\u0103 recent\u0103 a conflictului din Iran, ministrul israelian a declarat: \u201eIntr\u0103m \u00een faza decisiv\u0103 a conflictului, \u00eentre \u00eencercarea regimului islamic de a supravie\u021bui \u0219i provocarea de suferin\u021be tot mai mari poporului iranian, \u0219i capitularea acestuia.\u201d Aceste afirma\u021bii au fost f\u0103cute s\u00e2mb\u0103t\u0103, fiind citate de publica\u021bia Le Figaro.<\/p>\n<p>Katz a subliniat c\u0103 schimb\u0103rile \u00een aceast\u0103 situa\u021bie depind \u00een mod esen\u021bial de cet\u0103\u021benii iranieni, \u00eendemn\u00e2ndu-i s\u0103 se implice activ \u00een r\u0103sturnarea regimului de la Teheran. \u201eDoar poporul iranian poate pune cap\u0103t conflictului printr-o lupt\u0103 hot\u0103r\u00e2t\u0103, p\u00e2n\u0103 c\u00e2nd regimul va fi \u00eenl\u0103turat \u0219i Iranul va fi salvat,\u201d a ad\u0103ugat el, eviden\u021biind importan\u021ba ac\u021biunii cet\u0103\u021benilor.<\/p>\n<p>Pe de alt\u0103 parte, oficialul israelian a adresat felicit\u0103ri pre\u0219edintelui Statelor Unite, Donald Trump, \u00een leg\u0103tur\u0103 cu atacul desf\u0103\u0219urat asupra Insulei Kharg. Aceast\u0103 opera\u021biune, anun\u021bat\u0103 s\u00e2mb\u0103t\u0103 de Trump, a fost descris\u0103 ca fiind \u201eunul dintre cele mai puternice raiduri aeriene din istoria Orientului Mijlociu.\u201d Insula Kharg este crucial\u0103 pentru economia iranian\u0103, gestion\u00e2nd peste 90% din exporturile de petrol ale \u021b\u0103rii.<\/p>\n","protected":false},"excerpt":{"rendered":"<p>\u00centr-o analiz\u0103 recent\u0103 a conflictului din Iran, ministrul israelian a declarat: \u201eIntr\u0103m \u00een faza decisiv\u0103 a conflictului, \u00eentre \u00eencercarea regimului islamic de a supravie\u021bui \u0219i provocarea de suferin\u021be tot mai mari poporului iranian, \u0219i capitularea acestuia.\u201d Aceste afirma\u021bii au fost f\u0103cute s\u00e2mb\u0103t\u0103, fiind citate de publica\u021bia Le Figaro. Katz a subliniat c\u0103 schimb\u0103rile \u00een aceast\u0103 [&hellip;]<\/p>\n","protected":false},"author":2,"featured_media":8429,"comment_status":"open","ping_status":"open","sticky":false,"template":"","format":"standard","meta":{"jnews-multi-image_gallery":[],"jnews_single_post":[],"jnews_primary_category":[],"jnews_override_counter":[],"footnotes":""},"categories":[41],"tags":[11288,11286,11285,31,10259,8979,11287,4802],"class_list":["post-8428","post","type-post","status-publish","format-standard","has-post-thumbnail","hentry","category-externe","tag-actiune-cetatenilor","tag-cetateni-iranieni","tag-conflict-iranian","tag-jnews_demo_donald-trump","tag-insula-kharg","tag-le-figaro","tag-rasturnarea-regimului","tag-regimul-islamic"],"_links":{"self":[{"href":"https:\/\/www.newsrecorder.ro\/app\/wp-json\/wp\/v2\/posts\/8428","targetHints":{"allow":["GET"]}}],"collection":[{"href":"https:\/\/www.newsrecorder.ro\/app\/wp-json\/wp\/v2\/posts"}],"about":[{"href":"https:\/\/www.newsrecorder.ro\/app\/wp-json\/wp\/v2\/types\/post"}],"author":[{"embeddable":true,"href":"https:\/\/www.newsrecorder.ro\/app\/wp-json\/wp\/v2\/users\/2"}],"replies":[{"embeddable":true,"href":"https:\/\/www.newsrecorder.ro\/app\/wp-json\/wp\/v2\/comments?post=8428"}],"version-history":[{"count":0,"href":"https:\/\/www.newsrecorder.ro\/app\/wp-json\/wp\/v2\/posts\/8428\/revisions"}],"wp:featuredmedia":[{"embeddable":true,"href":"https:\/\/www.newsrecorder.ro\/app\/wp-json\/wp\/v2\/media\/8429"}],"wp:attachment":[{"href":"https:\/\/www.newsrecorder.ro\/app\/wp-json\/wp\/v2\/media?parent=8428"}],"wp:term":[{"taxonomy":"category","embeddable":true,"href":"https:\/\/www.newsrecorder.ro\/app\/wp-json\/wp\/v2\/categories?post=8428"},{"taxonomy":"post_tag","embeddable":true,"href":"https:\/\/www.newsrecorder.ro\/app\/wp-json\/wp\/v2\/tags?post=8428"}],"curies":[{"name":"wp","href":"https:\/\/api.w.org\/{rel}","templated":true}]}}