{"id":843,"date":"2026-01-30T03:06:04","date_gmt":"2026-01-30T03:06:04","guid":{"rendered":"https:\/\/www.newsrecorder.ro\/app\/2026\/01\/30\/soc-in-scandalul-medaliei-de-bronz-a-anei-barbosu-rejudecare\/"},"modified":"2026-01-30T03:06:04","modified_gmt":"2026-01-30T03:06:04","slug":"soc-in-scandalul-medaliei-de-bronz-a-anei-barbosu-rejudecare","status":"publish","type":"post","link":"https:\/\/www.newsrecorder.ro\/app\/2026\/01\/30\/soc-in-scandalul-medaliei-de-bronz-a-anei-barbosu-rejudecare\/","title":{"rendered":"\u0218oc \u00een scandalul medaliei de bronz a Anei B\u0103rbosu: Rejudecare!"},"content":{"rendered":"<p>Ana B\u0103rbosu, gimnasta rom\u00e2n\u0103, se confrunt\u0103 cu o situa\u021bie complicat\u0103 dup\u0103 ce a fost deposedat\u0103 de medalia de bronz c\u00e2\u0219tigat\u0103 la Jocurile Olimpice de la Paris \u00een 2024.<\/p>\n<p>Recent, Tribunalul Federal Elve\u021bian a hot\u0103r\u00e2t c\u0103 dosarul trebuie rejudecat, \u00een urma unui apel formulat de echipa american\u0103, care sus\u021bine c\u0103 medalia ar trebui s\u0103 fie acordat\u0103 sportivei Jordan Chiles.<\/p>\n<p>Acest apel reprezint\u0103 ultima \u00eencercare a americancelor, care nu au avut succes \u00een ac\u021biunile anterioare de contestare a rezultatelor.<\/p>\n<p>Finala probei feminine de gimnastic\u0103 la sol de la Jocurile Olimpice de Var\u0103 de la Paris a fost marcat\u0103 de o disput\u0103 legat\u0103 de punctajul \u0219i clasamentul final. Ini\u021bial, Ana B\u0103rbosu a reu\u0219it s\u0103 ob\u021bin\u0103 medalia de bronz, \u00eens\u0103, dup\u0103 o contesta\u021bie din partea echipei SUA, punctajul lui Jordan Chiles a fost revizuit, ceea ce a dus la pierderea medaliei de c\u0103tre rom\u00e2nc\u0103.<\/p>\n<p>Decizia a fost contestat\u0103 de Rom\u00e2nia la Tribunalul de Arbitraj Sportiv, care a anulat revizuirea, readuc\u00e2nd medalia de bronz \u00een <a href=\"https:\/\/www.mediafax.ro\/sport\/ana-maria-barbosu-a-primit-retroactiv-medalia-olimpica-de-bronz-castigata-la-sol-la-jocurile-olimpice-de-la-paris-2024-22463189\">posesia lui B\u0103rbosu<\/a>. Echipa american\u0103 a \u00eencercat s\u0103 conteste din nou aceast\u0103 hot\u0103r\u00e2re, \u00eens\u0103 f\u0103r\u0103 succes, p\u00e2n\u0103 la decizia din ianuarie 2026.<\/p>\n<p>Cazul va fi rejudecat, iar instan\u021ba va avea de decis dac\u0103 medalia r\u0103m\u00e2ne \u00een posesia rom\u00e2ncei sau dac\u0103 va fi acordat\u0103 americanei.<\/p>\n","protected":false},"excerpt":{"rendered":"<p>Ana B\u0103rbosu, gimnasta rom\u00e2n\u0103, se confrunt\u0103 cu o situa\u021bie complicat\u0103 dup\u0103 ce a fost deposedat\u0103 de medalia de bronz c\u00e2\u0219tigat\u0103 la Jocurile Olimpice de la Paris \u00een 2024. Recent, Tribunalul Federal Elve\u021bian a hot\u0103r\u00e2t c\u0103 dosarul trebuie rejudecat, \u00een urma unui apel formulat de echipa american\u0103, care sus\u021bine c\u0103 medalia ar trebui s\u0103 fie acordat\u0103 [&hellip;]<\/p>\n","protected":false},"author":6,"featured_media":844,"comment_status":"open","ping_status":"open","sticky":false,"template":"","format":"standard","meta":{"jnews-multi-image_gallery":[],"jnews_single_post":[],"jnews_primary_category":[],"jnews_override_counter":[],"footnotes":""},"categories":[46],"tags":[1516,1522,1521,1519,1517,1520,1512,1518],"class_list":["post-843","post","type-post","status-publish","format-standard","has-post-thumbnail","hentry","category-sport","tag-ana-barbosu","tag-contestatie","tag-disputa-gimnastica","tag-echipa-americana","tag-jocurile-olimpice-2024","tag-jordan-chiles","tag-medalia-de-bronz","tag-tribunalul-federal-elvetian"],"_links":{"self":[{"href":"https:\/\/www.newsrecorder.ro\/app\/wp-json\/wp\/v2\/posts\/843","targetHints":{"allow":["GET"]}}],"collection":[{"href":"https:\/\/www.newsrecorder.ro\/app\/wp-json\/wp\/v2\/posts"}],"about":[{"href":"https:\/\/www.newsrecorder.ro\/app\/wp-json\/wp\/v2\/types\/post"}],"author":[{"embeddable":true,"href":"https:\/\/www.newsrecorder.ro\/app\/wp-json\/wp\/v2\/users\/6"}],"replies":[{"embeddable":true,"href":"https:\/\/www.newsrecorder.ro\/app\/wp-json\/wp\/v2\/comments?post=843"}],"version-history":[{"count":0,"href":"https:\/\/www.newsrecorder.ro\/app\/wp-json\/wp\/v2\/posts\/843\/revisions"}],"wp:featuredmedia":[{"embeddable":true,"href":"https:\/\/www.newsrecorder.ro\/app\/wp-json\/wp\/v2\/media\/844"}],"wp:attachment":[{"href":"https:\/\/www.newsrecorder.ro\/app\/wp-json\/wp\/v2\/media?parent=843"}],"wp:term":[{"taxonomy":"category","embeddable":true,"href":"https:\/\/www.newsrecorder.ro\/app\/wp-json\/wp\/v2\/categories?post=843"},{"taxonomy":"post_tag","embeddable":true,"href":"https:\/\/www.newsrecorder.ro\/app\/wp-json\/wp\/v2\/tags?post=843"}],"curies":[{"name":"wp","href":"https:\/\/api.w.org\/{rel}","templated":true}]}}