{"id":8430,"date":"2026-03-14T14:16:17","date_gmt":"2026-03-14T14:16:17","guid":{"rendered":"https:\/\/www.newsrecorder.ro\/app\/2026\/03\/14\/macron-solicita-negocieri-directe-intre-israel-si-liban-o-noua-sansa\/"},"modified":"2026-03-14T14:16:17","modified_gmt":"2026-03-14T14:16:17","slug":"macron-solicita-negocieri-directe-intre-israel-si-liban-o-noua-sansa","status":"publish","type":"post","link":"https:\/\/www.newsrecorder.ro\/app\/2026\/03\/14\/macron-solicita-negocieri-directe-intre-israel-si-liban-o-noua-sansa\/","title":{"rendered":"Macron solicit\u0103 negocieri directe \u00eentre Israel \u0219i Liban: O nou\u0103 \u0219ans\u0103?"},"content":{"rendered":"<p>Guvernul libanez a declarat c\u0103 este deschis la discu\u021bii directe cu Israelul, subliniind importan\u021ba reprezent\u0103rii tuturor segmentelor societ\u0103\u021bii libaneze. Pre\u0219edintele francez Emmanuel Macron a transmis un mesaj pe platforma X, \u00een care \u00eencurajeaz\u0103 Israelul s\u0103 profite de aceast\u0103 oportunitate pentru a ini\u021bia negocieri \u0219i a stabili un armisti\u021biu. Acesta a subliniat necesitatea g\u0103sirii unei solu\u021bii durabile, care s\u0103 permit\u0103 autorit\u0103\u021bilor libaneze s\u0103-\u0219i respecte angajamentele fa\u021b\u0103 de suveranitatea \u021b\u0103rii.<\/p>\n<p>Macron a subliniat c\u0103 toate eforturile trebuie s\u0103 fie concentrate pe prevenirea destabiliz\u0103rii Libanului. El a f\u0103cut apel at\u00e2t la Israel s\u0103 \u00eenceteze opera\u021biunile ofensive, c\u00e2t \u0219i la gruparea militant\u0103 Hezbollah s\u0103 opreasc\u0103 escaladarea conflictului.<\/p>\n<p>\u00cen plus, pre\u0219edintele Fran\u021bei a anun\u021bat disponibilitatea sa de a g\u0103zdui discu\u021biile la Palatul \u00c9lys\u00e9e, oferind un cadru propice pentru negocieri.<\/p>\n<p>Conflictul din Orientul Mijlociu s-a extins recent asupra Libanului, fiind alimentat de atacurile lansate de Hezbollah \u00eempotriva Israelului. Aceste atacuri au fost considerate o reac\u021bie la eliminarea fostului lider suprem al Iranului, ayatollahul Ali Khamenei, \u00een prima zi a r\u0103zboiului. \u00cen urma acestor ac\u021biuni, Israel a r\u0103spuns cu o ripost\u0103 sever\u0103, gener\u00e2nd temeri cu privire la o posibil\u0103 escaladare a ostilit\u0103\u021bilor \u00een regiune.<\/p>\n","protected":false},"excerpt":{"rendered":"<p>Guvernul libanez a declarat c\u0103 este deschis la discu\u021bii directe cu Israelul, subliniind importan\u021ba reprezent\u0103rii tuturor segmentelor societ\u0103\u021bii libaneze. Pre\u0219edintele francez Emmanuel Macron a transmis un mesaj pe platforma X, \u00een care \u00eencurajeaz\u0103 Israelul s\u0103 profite de aceast\u0103 oportunitate pentru a ini\u021bia negocieri \u0219i a stabili un armisti\u021biu. Acesta a subliniat necesitatea g\u0103sirii unei solu\u021bii [&hellip;]<\/p>\n","protected":false},"author":2,"featured_media":8431,"comment_status":"open","ping_status":"open","sticky":false,"template":"","format":"standard","meta":{"jnews-multi-image_gallery":[],"jnews_single_post":[],"jnews_primary_category":[],"jnews_override_counter":[],"footnotes":""},"categories":[41],"tags":[2209,9129,11290,3327,11289,2185,268,11291],"class_list":["post-8430","post","type-post","status-publish","format-standard","has-post-thumbnail","hentry","category-externe","tag-armistitiu","tag-conflict-orientul-mijlociu","tag-discutii-directe","tag-emmanuel-macron","tag-guvernul-libanez","tag-hezbollah","tag-israel","tag-solutie-durabila"],"_links":{"self":[{"href":"https:\/\/www.newsrecorder.ro\/app\/wp-json\/wp\/v2\/posts\/8430","targetHints":{"allow":["GET"]}}],"collection":[{"href":"https:\/\/www.newsrecorder.ro\/app\/wp-json\/wp\/v2\/posts"}],"about":[{"href":"https:\/\/www.newsrecorder.ro\/app\/wp-json\/wp\/v2\/types\/post"}],"author":[{"embeddable":true,"href":"https:\/\/www.newsrecorder.ro\/app\/wp-json\/wp\/v2\/users\/2"}],"replies":[{"embeddable":true,"href":"https:\/\/www.newsrecorder.ro\/app\/wp-json\/wp\/v2\/comments?post=8430"}],"version-history":[{"count":0,"href":"https:\/\/www.newsrecorder.ro\/app\/wp-json\/wp\/v2\/posts\/8430\/revisions"}],"wp:featuredmedia":[{"embeddable":true,"href":"https:\/\/www.newsrecorder.ro\/app\/wp-json\/wp\/v2\/media\/8431"}],"wp:attachment":[{"href":"https:\/\/www.newsrecorder.ro\/app\/wp-json\/wp\/v2\/media?parent=8430"}],"wp:term":[{"taxonomy":"category","embeddable":true,"href":"https:\/\/www.newsrecorder.ro\/app\/wp-json\/wp\/v2\/categories?post=8430"},{"taxonomy":"post_tag","embeddable":true,"href":"https:\/\/www.newsrecorder.ro\/app\/wp-json\/wp\/v2\/tags?post=8430"}],"curies":[{"name":"wp","href":"https:\/\/api.w.org\/{rel}","templated":true}]}}