{"id":8436,"date":"2026-03-14T14:17:02","date_gmt":"2026-03-14T14:17:02","guid":{"rendered":"https:\/\/www.newsrecorder.ro\/app\/2026\/03\/14\/explozie-devastatoare-la-o-scoala-evreiasca-din-amsterdam-pe-timp-de-noapte\/"},"modified":"2026-03-14T14:17:02","modified_gmt":"2026-03-14T14:17:02","slug":"explozie-devastatoare-la-o-scoala-evreiasca-din-amsterdam-pe-timp-de-noapte","status":"publish","type":"post","link":"https:\/\/www.newsrecorder.ro\/app\/2026\/03\/14\/explozie-devastatoare-la-o-scoala-evreiasca-din-amsterdam-pe-timp-de-noapte\/","title":{"rendered":"Explozie devastatoare la o \u0219coal\u0103 evreiasc\u0103 din Amsterdam pe timp de noapte"},"content":{"rendered":"<p>\u00cen noaptea de vineri spre s\u00e2mb\u0103t\u0103, peretele exterior al unei \u0219coli evreie\u0219ti din Amsterdam a fost distrus printr-o explozie, incident pe care primarul capitalei olandeze, Femke Halsema, l-a denumit \u201eun act la\u0219 de agresiune\u201d \u00eendreptat \u00eempotriva comunit\u0103\u021bii evreie\u0219ti locale.<\/p>\n<p>Din fericire, nu au fost raportate victime \u00een urma acestui atac.<\/p>\n<p>Imaginile surprinse de camerele de supraveghere \u00eel arat\u0103 pe un b\u0103rbat care plaseaz\u0103 un dispozitiv exploziv pe una dintre laturile cl\u0103dirii \u0219colii evreie\u0219ti.<\/p>\n<p>Acest incident prezint\u0103 similarit\u0103\u021bi \u00eengrijor\u0103toare cu atacuri anterioare din Rotterdam \u0219i de la sinagogi din Li\u00e8ge, Belgia, ceea ce sugereaz\u0103 un model de comportament al agresorilor.<\/p>\n<p>Primarul Halsema a reac\u021bionat rapid, condamn\u00e2nd atacul s\u00e2mb\u0103t\u0103 diminea\u021ba, subliniind c\u0103 acesta reflect\u0103 o tendin\u021b\u0103 tot mai \u00eengrijor\u0103toare de antisemitism \u00een Amsterdam. \u201eComunitatea evreiasc\u0103 din Amsterdam se confrunt\u0103 din ce \u00een ce mai frecvent cu acte de antisemitism, iar acest lucru este inacceptabil\u201d, a declarat primarul.<\/p>\n<p>Atacul de la Amsterdam a fost precedat de un incident similar \u00een Li\u00e8ge, Belgia, unde un act de violen\u021b\u0103 a provocat un incendiu puternic luni.<\/p>\n<p>\u0218coala se afl\u0103 \u00een partea sudic\u0103 a Amsterdamului, iar explozia nu a provocat pagube semnificative structurii. Cu toate acestea, \u00eengrijor\u0103rile cu privire la posibile atacuri suplimentare \u00eempotriva evreilor s-au intensificat la nivel global, \u00een contextul tensiunilor crescute \u00eentre Statele Unite, Israel \u0219i Iran.<\/p>\n","protected":false},"excerpt":{"rendered":"<p>\u00cen noaptea de vineri spre s\u00e2mb\u0103t\u0103, peretele exterior al unei \u0219coli evreie\u0219ti din Amsterdam a fost distrus printr-o explozie, incident pe care primarul capitalei olandeze, Femke Halsema, l-a denumit \u201eun act la\u0219 de agresiune\u201d \u00eendreptat \u00eempotriva comunit\u0103\u021bii evreie\u0219ti locale. Din fericire, nu au fost raportate victime \u00een urma acestui atac. Imaginile surprinse de camerele de [&hellip;]<\/p>\n","protected":false},"author":2,"featured_media":8437,"comment_status":"open","ping_status":"open","sticky":false,"template":"","format":"standard","meta":{"jnews-multi-image_gallery":[],"jnews_single_post":[],"jnews_primary_category":[],"jnews_override_counter":[],"footnotes":""},"categories":[41],"tags":[1348,11294,6583,914,6958,7357,11295,11296],"class_list":["post-8436","post","type-post","status-publish","format-standard","has-post-thumbnail","hentry","category-externe","tag-agresiune","tag-amsterdam","tag-antisemitism","tag-atac","tag-comunitate-evreiasca","tag-explozie","tag-femke-halsema","tag-scoala-evreiasca"],"_links":{"self":[{"href":"https:\/\/www.newsrecorder.ro\/app\/wp-json\/wp\/v2\/posts\/8436","targetHints":{"allow":["GET"]}}],"collection":[{"href":"https:\/\/www.newsrecorder.ro\/app\/wp-json\/wp\/v2\/posts"}],"about":[{"href":"https:\/\/www.newsrecorder.ro\/app\/wp-json\/wp\/v2\/types\/post"}],"author":[{"embeddable":true,"href":"https:\/\/www.newsrecorder.ro\/app\/wp-json\/wp\/v2\/users\/2"}],"replies":[{"embeddable":true,"href":"https:\/\/www.newsrecorder.ro\/app\/wp-json\/wp\/v2\/comments?post=8436"}],"version-history":[{"count":0,"href":"https:\/\/www.newsrecorder.ro\/app\/wp-json\/wp\/v2\/posts\/8436\/revisions"}],"wp:featuredmedia":[{"embeddable":true,"href":"https:\/\/www.newsrecorder.ro\/app\/wp-json\/wp\/v2\/media\/8437"}],"wp:attachment":[{"href":"https:\/\/www.newsrecorder.ro\/app\/wp-json\/wp\/v2\/media?parent=8436"}],"wp:term":[{"taxonomy":"category","embeddable":true,"href":"https:\/\/www.newsrecorder.ro\/app\/wp-json\/wp\/v2\/categories?post=8436"},{"taxonomy":"post_tag","embeddable":true,"href":"https:\/\/www.newsrecorder.ro\/app\/wp-json\/wp\/v2\/tags?post=8436"}],"curies":[{"name":"wp","href":"https:\/\/api.w.org\/{rel}","templated":true}]}}