{"id":8438,"date":"2026-03-14T14:17:19","date_gmt":"2026-03-14T14:17:19","guid":{"rendered":"https:\/\/www.newsrecorder.ro\/app\/2026\/03\/14\/meta-respinge-zvonurile-dar-angajatii-se-tem-de-concedieri-masive\/"},"modified":"2026-03-14T14:17:19","modified_gmt":"2026-03-14T14:17:19","slug":"meta-respinge-zvonurile-dar-angajatii-se-tem-de-concedieri-masive","status":"publish","type":"post","link":"https:\/\/www.newsrecorder.ro\/app\/2026\/03\/14\/meta-respinge-zvonurile-dar-angajatii-se-tem-de-concedieri-masive\/","title":{"rendered":"META respinge zvonurile, dar angaja\u021bii se tem de concedieri masive!"},"content":{"rendered":"<p>Compania Meta, care de\u021bine re\u021beaua social\u0103 Facebook, ar putea fi pe punctul de a ini\u021bia o nou\u0103 rund\u0103 semnificativ\u0103 de concedieri, conform unor surse interne citate de Reuters. Conform acestor informa\u021bii, reducerile de personal ar putea afecta aproximativ 20% din totalul angaja\u021bilor, \u00een contextul investi\u021biilor considerabile \u00een infrastructura de inteligen\u021b\u0103 artificial\u0103 (IA). De\u0219i \u00eenvinuirile de concediere au fost respinse de oficialii Meta, ace\u0219tia le-au caracterizat drept simple specula\u021bii.<\/p>\n<p>Surse apropiate situa\u021biei au dezv\u0103luit c\u0103 conducerea Meta examineaz\u0103 un plan de restructurare ce ar putea impacta cel pu\u021bin 20% din for\u021ba de munc\u0103. Aceast\u0103 m\u0103sur\u0103 ar avea ca scop compensarea costurilor ridicate asociate dezvolt\u0103rii tehnologiilor bazate pe inteligen\u021b\u0103 artificial\u0103, precum \u0219i preg\u0103tirea companiei pentru o organizare mai eficient\u0103, \u00een care angaja\u021bii utilizeaz\u0103 instrumente avansate de IA pentru a maximiza productivitatea cu echipe mai mici.<\/p>\n<p>P\u00e2n\u0103 \u00een prezent, nu s-a stabilit o dat\u0103 clar\u0103 pentru posibilele concedieri, iar dimensiunea exact\u0103 a reducerilor r\u0103m\u00e2ne neclar\u0103. Totu\u0219i, sursele indic\u0103 faptul c\u0103 directorii companiei au informat recent managerii de nivel superior despre inten\u021biile lor \u0219i le-au solicitat s\u0103 preg\u0103teasc\u0103 planuri pentru reducerea personalului.<\/p>\n<p>Reprezentan\u021bii Meta au respins aceste informa\u021bii, purt\u0103torul de cuv\u00e2nt al companiei, Andy Stone, afirm\u00e2nd c\u0103 articolele din pres\u0103 sunt \u201especula\u021bii despre abord\u0103ri teoretice\u201d.<\/p>\n<p>Dac\u0103 aceste planuri se vor concretiza, ar reprezenta cea mai mare reducere de personal de la restructurarea semnificativ\u0103 desf\u0103\u0219urat\u0103 de companie la sf\u00e2r\u0219itul anului 2022 \u0219i \u00eenceputul anului 2023. La data de 31 decembrie 2022, Meta avea aproape 79.000 de angaja\u021bi la nivel mondial.<\/p>\n<p>\u00cen noiembrie 2022, compania a concediat aproximativ 11.000 de angaja\u021bi, echivalentul a 13% din for\u021ba de munc\u0103 de atunci, iar patru luni mai t\u00e2rziu a anun\u021bat eliminarea a \u00eenc\u0103 10.000 de posturi. Aceste m\u0103suri sunt parte integrant\u0103 a strategiei companiei, care \u00ee\u0219i concentreaz\u0103 eforturile asupra ambi\u021biilor \u00een domeniul inteligen\u021bei artificiale generative.<\/p>\n<p>\u00cen ultima perioad\u0103, CEO-ul Mark Zuckerberg a accelerat investi\u021biile pentru a face Meta mai competitiv\u0103 \u00een acest sector, inclusiv prin angajarea de cercet\u0103tori specializa\u021bi \u0219i achizi\u021bionarea altor companii din domeniu. Zuckerberg a subliniat la \u00eenceputul anului trecut c\u0103 aceste investi\u021bii au \u00eenceput deja s\u0103 genereze c\u00e2\u0219tiguri de eficien\u021b\u0103, men\u021bion\u00e2nd c\u0103 \u201eproiecte care anterior necesitau echipe mari pot fi acum finalizate de o singur\u0103 persoan\u0103 extrem de talentat\u0103\u201d.<\/p>\n<p>Planurile Meta reflect\u0103 o tendin\u021b\u0103 mai larg\u0103 observat\u0103 \u00een r\u00e2ndul marilor companii americane, \u00een special \u00een sectorul tehnologic, care \u00ee\u0219i reorganizeaz\u0103 opera\u021biunile pentru a integra inteligen\u021ba artificial\u0103 \u0219i pentru a reduce costurile. \u00cen acest context, companiile investesc masiv \u00een tehnologie, dar reevalueaz\u0103 \u00een acela\u0219i timp dimensiunea \u0219i structura for\u021bei de munc\u0103.<\/p>\n","protected":false},"excerpt":{"rendered":"<p>Compania Meta, care de\u021bine re\u021beaua social\u0103 Facebook, ar putea fi pe punctul de a ini\u021bia o nou\u0103 rund\u0103 semnificativ\u0103 de concedieri, conform unor surse interne citate de Reuters. Conform acestor informa\u021bii, reducerile de personal ar putea afecta aproximativ 20% din totalul angaja\u021bilor, \u00een contextul investi\u021biilor considerabile \u00een infrastructura de inteligen\u021b\u0103 artificial\u0103 (IA). De\u0219i \u00eenvinuirile de [&hellip;]<\/p>\n","protected":false},"author":2,"featured_media":8439,"comment_status":"open","ping_status":"open","sticky":false,"template":"","format":"standard","meta":{"jnews-multi-image_gallery":[],"jnews_single_post":[],"jnews_primary_category":[],"jnews_override_counter":[],"footnotes":""},"categories":[41],"tags":[1320,7788,2727,394,420,4430,4608,4976],"class_list":["post-8438","post","type-post","status-publish","format-standard","has-post-thumbnail","hentry","category-externe","tag-angajati","tag-concedieri","tag-facebook","tag-inteligenta-artificiala","tag-investitii","tag-meta","tag-productivitate","tag-restructurare"],"_links":{"self":[{"href":"https:\/\/www.newsrecorder.ro\/app\/wp-json\/wp\/v2\/posts\/8438","targetHints":{"allow":["GET"]}}],"collection":[{"href":"https:\/\/www.newsrecorder.ro\/app\/wp-json\/wp\/v2\/posts"}],"about":[{"href":"https:\/\/www.newsrecorder.ro\/app\/wp-json\/wp\/v2\/types\/post"}],"author":[{"embeddable":true,"href":"https:\/\/www.newsrecorder.ro\/app\/wp-json\/wp\/v2\/users\/2"}],"replies":[{"embeddable":true,"href":"https:\/\/www.newsrecorder.ro\/app\/wp-json\/wp\/v2\/comments?post=8438"}],"version-history":[{"count":0,"href":"https:\/\/www.newsrecorder.ro\/app\/wp-json\/wp\/v2\/posts\/8438\/revisions"}],"wp:featuredmedia":[{"embeddable":true,"href":"https:\/\/www.newsrecorder.ro\/app\/wp-json\/wp\/v2\/media\/8439"}],"wp:attachment":[{"href":"https:\/\/www.newsrecorder.ro\/app\/wp-json\/wp\/v2\/media?parent=8438"}],"wp:term":[{"taxonomy":"category","embeddable":true,"href":"https:\/\/www.newsrecorder.ro\/app\/wp-json\/wp\/v2\/categories?post=8438"},{"taxonomy":"post_tag","embeddable":true,"href":"https:\/\/www.newsrecorder.ro\/app\/wp-json\/wp\/v2\/tags?post=8438"}],"curies":[{"name":"wp","href":"https:\/\/api.w.org\/{rel}","templated":true}]}}