{"id":8444,"date":"2026-03-14T16:20:10","date_gmt":"2026-03-14T16:20:10","guid":{"rendered":"https:\/\/www.newsrecorder.ro\/app\/2026\/03\/14\/kimi-antonelli-deschide-cursa-in-china-mercedes-dominateaza-grila\/"},"modified":"2026-03-14T16:20:10","modified_gmt":"2026-03-14T16:20:10","slug":"kimi-antonelli-deschide-cursa-in-china-mercedes-dominateaza-grila","status":"publish","type":"post","link":"https:\/\/www.newsrecorder.ro\/app\/2026\/03\/14\/kimi-antonelli-deschide-cursa-in-china-mercedes-dominateaza-grila\/","title":{"rendered":"Kimi Antonelli deschide cursa \u00een China: Mercedes dominateaz\u0103 grila!"},"content":{"rendered":"<p>Mercedes a demonstrat din nou superioritate \u00een cadrul sesiunii de calific\u0103ri, cu Kimi Antonelli reu\u0219ind s\u0103 ob\u021bin\u0103 pole position. T\u00e2n\u0103rul pilot a stabilit un timp impresionant de 1:32.064 \u00een Q3, marc\u00e2nd astfel nu doar prima sa pole din carier\u0103, ci \u0219i titlul de cel mai t\u00e2n\u0103r pilot care a pornit de pe prima pozi\u021bie, la doar 19 ani, 6 luni \u0219i 18 zile.<\/p>\n<p>\u00cen spatele s\u0103u, George Russell a terminat sesiunea pe locul al doilea, cu un timp de 1:32.286, la aproximativ dou\u0103 zecimi de secund\u0103 distan\u021b\u0103 de lider.<\/p>\n<p>A doua linie a grilei de start este alc\u0103tuit\u0103 din pilo\u021bii Ferrari, cu Lewis Hamilton \u00eenscris pe locul al treilea cu un timp de 1:32.415, urmat \u00eendeaproape de Charles Leclerc, care a \u00eencheiat sesiunea pe locul al patrulea cu un timp de 1:32.428.<\/p>\n<p>Duoul de la McLaren \u0219i-a adjudecat locurile cinci \u0219i \u0219ase, cu Oscar Piastri pe 5 \u0219i Lando Norris pe 6, demonstr\u00e2nd astfel o form\u0103 competitiv\u0103. Top 10 este completat de Pierre Gasly de la Alpine pe locul 7, Max Verstappen de la Red Bull pe locul 8, Isack Hadjar tot de la Red Bull pe locul 9, \u0219i Oliver Bearman de la Haas pe locul 10.<\/p>\n<p>Marele Premiu al Chinei este programat s\u0103 \u00eenceap\u0103 duminic\u0103, la ora 09:00. Fanii motorsportului a\u0219teapt\u0103 cu ner\u0103bdare aceast\u0103 competi\u021bie, care promite s\u0103 fie una plin\u0103 de suspans \u0219i emo\u021bie.<\/p>\n","protected":false},"excerpt":{"rendered":"<p>Mercedes a demonstrat din nou superioritate \u00een cadrul sesiunii de calific\u0103ri, cu Kimi Antonelli reu\u0219ind s\u0103 ob\u021bin\u0103 pole position. T\u00e2n\u0103rul pilot a stabilit un timp impresionant de 1:32.064 \u00een Q3, marc\u00e2nd astfel nu doar prima sa pole din carier\u0103, ci \u0219i titlul de cel mai t\u00e2n\u0103r pilot care a pornit de pe prima pozi\u021bie, la [&hellip;]<\/p>\n","protected":false},"author":6,"featured_media":8445,"comment_status":"open","ping_status":"open","sticky":false,"template":"","format":"standard","meta":{"jnews-multi-image_gallery":[],"jnews_single_post":[],"jnews_primary_category":[],"jnews_override_counter":[],"footnotes":""},"categories":[46],"tags":[10164,6250,4224,10163,4225,9657,9979,8644],"class_list":["post-8444","post","type-post","status-publish","format-standard","has-post-thumbnail","hentry","category-sport","tag-charles-leclerc","tag-formula-1","tag-george-russell","tag-kimi-antonelli","tag-lewis-hamilton","tag-mclaren","tag-mercedes","tag-pole-position"],"_links":{"self":[{"href":"https:\/\/www.newsrecorder.ro\/app\/wp-json\/wp\/v2\/posts\/8444","targetHints":{"allow":["GET"]}}],"collection":[{"href":"https:\/\/www.newsrecorder.ro\/app\/wp-json\/wp\/v2\/posts"}],"about":[{"href":"https:\/\/www.newsrecorder.ro\/app\/wp-json\/wp\/v2\/types\/post"}],"author":[{"embeddable":true,"href":"https:\/\/www.newsrecorder.ro\/app\/wp-json\/wp\/v2\/users\/6"}],"replies":[{"embeddable":true,"href":"https:\/\/www.newsrecorder.ro\/app\/wp-json\/wp\/v2\/comments?post=8444"}],"version-history":[{"count":0,"href":"https:\/\/www.newsrecorder.ro\/app\/wp-json\/wp\/v2\/posts\/8444\/revisions"}],"wp:featuredmedia":[{"embeddable":true,"href":"https:\/\/www.newsrecorder.ro\/app\/wp-json\/wp\/v2\/media\/8445"}],"wp:attachment":[{"href":"https:\/\/www.newsrecorder.ro\/app\/wp-json\/wp\/v2\/media?parent=8444"}],"wp:term":[{"taxonomy":"category","embeddable":true,"href":"https:\/\/www.newsrecorder.ro\/app\/wp-json\/wp\/v2\/categories?post=8444"},{"taxonomy":"post_tag","embeddable":true,"href":"https:\/\/www.newsrecorder.ro\/app\/wp-json\/wp\/v2\/tags?post=8444"}],"curies":[{"name":"wp","href":"https:\/\/api.w.org\/{rel}","templated":true}]}}