{"id":8454,"date":"2026-03-14T16:21:26","date_gmt":"2026-03-14T16:21:26","guid":{"rendered":"https:\/\/www.newsrecorder.ro\/app\/2026\/03\/14\/belgia-cere-ajutorul-ue-pentru-a-solutiona-conflictul-rusia-ucraina\/"},"modified":"2026-03-14T16:21:26","modified_gmt":"2026-03-14T16:21:26","slug":"belgia-cere-ajutorul-ue-pentru-a-solutiona-conflictul-rusia-ucraina","status":"publish","type":"post","link":"https:\/\/www.newsrecorder.ro\/app\/2026\/03\/14\/belgia-cere-ajutorul-ue-pentru-a-solutiona-conflictul-rusia-ucraina\/","title":{"rendered":"Belgia cere ajutorul UE pentru a solu\u021biona conflictul Rusia-Ucraina!"},"content":{"rendered":"<p class=\"doc_header__name js-search-mark\">Prim-ministrul belgian Bart de Wever a solicitat autorit\u0103\u021bilor Uniunii Europene s\u0103 ob\u021bin\u0103 un mandat din partea statelor membre pentru a purta negocieri cu <strong><a style=\"color: #ff0000\" href=\"https:\/\/www.mediafax.ro\/stirile-zilei\/ambasadorul-rusiei-la-bucuresti-sustine-ca-economia-romaniei-este-afectata-de-sanctiunile-ue-impotriva-rusiei-23702861\">Rusia<\/a><\/strong> \u00een vederea solu\u021bion\u0103rii conflictului din Ucraina, afirm\u00e2nd: \u201eUn acord cu Rusia pare a fi singura solu\u021bie posibil\u0103\u201d.<\/p>\n<p class=\"doc__text\">De Wever a explicat c\u0103, av\u00e2nd \u00een vedere c\u0103 nu putem amenin\u021ba pre\u0219edintele rus Vladimir Putin prin furnizarea de arme Ucrainei \u0219i nu putem exercita o presiune economic\u0103 f\u0103r\u0103 sprijinul Statelor Unite, r\u0103m\u00e2ne o singur\u0103 op\u021biune: \u201es\u0103 \u00eencheiem o \u00een\u021belegere\u201d, a declarat el \u00eentr-un interviu acordat <strong><a style=\"color: #ff0000\" href=\"https:\/\/www.lecho.be\/dossiers\/gouvernement-federal\/bart-de-wever-n-va-un-deal-avec-la-russie-semble-la-seule-solution-envisageable\/10652525.html\">zilei belgiene L\u2019Echo<\/a><\/strong>.<\/p>\n<p class=\"doc__text\">El a subliniat c\u0103, f\u0103r\u0103 un mandat de negociere la Moscova, Uniunea European\u0103 nu va putea s\u0103 se a\u0219eze la masa negocierilor, unde americanii ar putea s\u0103 \u00eemping\u0103 Ucraina s\u0103 accepte un acord, care, \u00een opinia sa, ar fi defavorabil pentru europeni.<\/p>\n<p class=\"doc__text\">Mai mul\u021bi lideri europeni, inclusiv pre\u0219edintele Fran\u021bei, Emmanuel Macron, au \u00eencercat recent s\u0103 reia contactele cu Vladimir Putin, dorind s\u0103 evite ca pre\u0219edintele american Donald Trump s\u0103 gestioneze singur conflictul. <\/p>\n<p class=\"doc__text\">Cu toate acestea, ministrul de externe al Uniunii Europene, Kaja Kallas, a declarat c\u0103 blocul european trebuie s\u0103 ajung\u0103 mai \u00eent\u00e2i la un consens cu privire la a\u0219tept\u0103rile sale de la Rusia \u00eenainte de a-l contacta direct pe Putin.<\/p>\n<p class=\"doc__text\">\u00cen februarie, Kallas a subliniat c\u0103 Europa ar trebui s\u0103 formuleze \u201ecereri maximaliste\u201d \u0219i s\u0103 exercite presiuni asupra Kremlinului pentru a ob\u021bine concesii, inclusiv acceptarea reducerilor militare.<\/p>\n","protected":false},"excerpt":{"rendered":"<p>Prim-ministrul belgian Bart de Wever a solicitat autorit\u0103\u021bilor Uniunii Europene s\u0103 ob\u021bin\u0103 un mandat din partea statelor membre pentru a purta negocieri cu Rusia \u00een vederea solu\u021bion\u0103rii conflictului din Ucraina, afirm\u00e2nd: \u201eUn acord cu Rusia pare a fi singura solu\u021bie posibil\u0103\u201d. De Wever a explicat c\u0103, av\u00e2nd \u00een vedere c\u0103 nu putem amenin\u021ba pre\u0219edintele rus [&hellip;]<\/p>\n","protected":false},"author":2,"featured_media":8455,"comment_status":"open","ping_status":"open","sticky":false,"template":"","format":"standard","meta":{"jnews-multi-image_gallery":[],"jnews_single_post":[],"jnews_primary_category":[],"jnews_override_counter":[],"footnotes":""},"categories":[39],"tags":[632,4809,755,802,1336,686,681,321],"class_list":["post-8454","post","type-post","status-publish","format-standard","has-post-thumbnail","hentry","category-stirile-zilei","tag-acord","tag-bart-de-wever","tag-belgia","tag-conflict-ucraina","tag-lideri-europeni","tag-negocieri","tag-rusia","tag-uniunea-europeana"],"_links":{"self":[{"href":"https:\/\/www.newsrecorder.ro\/app\/wp-json\/wp\/v2\/posts\/8454","targetHints":{"allow":["GET"]}}],"collection":[{"href":"https:\/\/www.newsrecorder.ro\/app\/wp-json\/wp\/v2\/posts"}],"about":[{"href":"https:\/\/www.newsrecorder.ro\/app\/wp-json\/wp\/v2\/types\/post"}],"author":[{"embeddable":true,"href":"https:\/\/www.newsrecorder.ro\/app\/wp-json\/wp\/v2\/users\/2"}],"replies":[{"embeddable":true,"href":"https:\/\/www.newsrecorder.ro\/app\/wp-json\/wp\/v2\/comments?post=8454"}],"version-history":[{"count":0,"href":"https:\/\/www.newsrecorder.ro\/app\/wp-json\/wp\/v2\/posts\/8454\/revisions"}],"wp:featuredmedia":[{"embeddable":true,"href":"https:\/\/www.newsrecorder.ro\/app\/wp-json\/wp\/v2\/media\/8455"}],"wp:attachment":[{"href":"https:\/\/www.newsrecorder.ro\/app\/wp-json\/wp\/v2\/media?parent=8454"}],"wp:term":[{"taxonomy":"category","embeddable":true,"href":"https:\/\/www.newsrecorder.ro\/app\/wp-json\/wp\/v2\/categories?post=8454"},{"taxonomy":"post_tag","embeddable":true,"href":"https:\/\/www.newsrecorder.ro\/app\/wp-json\/wp\/v2\/tags?post=8454"}],"curies":[{"name":"wp","href":"https:\/\/api.w.org\/{rel}","templated":true}]}}