{"id":8462,"date":"2026-03-14T16:42:31","date_gmt":"2026-03-14T16:42:31","guid":{"rendered":"https:\/\/www.newsrecorder.ro\/app\/2026\/03\/14\/flacari-devastatoare-intr-un-centru-comercial-din-bucuresti\/"},"modified":"2026-03-14T16:42:31","modified_gmt":"2026-03-14T16:42:31","slug":"flacari-devastatoare-intr-un-centru-comercial-din-bucuresti","status":"publish","type":"post","link":"https:\/\/www.newsrecorder.ro\/app\/2026\/03\/14\/flacari-devastatoare-intr-un-centru-comercial-din-bucuresti\/","title":{"rendered":"Fl\u0103c\u0103ri devastatoare \u00eentr-un centru comercial din Bucure\u0219ti!"},"content":{"rendered":"<p>Incendiul a izbucnit la un magazin situat la parterul unui bloc, afect\u00e2nd o suprafa\u021b\u0103 estimat\u0103 \u00eentre 80 \u0219i 100 de metri p\u0103tra\u021bi, precum \u0219i fa\u021bada cl\u0103dirii pe aproximativ 5-10 metri p\u0103tra\u021bi.<\/p>\n<p>Autorit\u0103\u021bile au reu\u0219it s\u0103 localizeze incendiul, iar opera\u021biunile de stingere sunt \u00een plin\u0103 desf\u0103\u0219urare.<\/p>\n<p>Conform informa\u021biilor furnizate de ISU Bucure\u0219ti-Ilfov, fumul a reu\u0219it s\u0103 se infiltreze \u0219i s\u0103 se r\u0103sp\u00e2ndeasc\u0103 pe scara blocului, ceea ce a generat un risc crescut pentru locatari.<\/p>\n<p>\u00cen acest context, echipele de c\u0103utare-salvare sunt preg\u0103tite s\u0103 intervin\u0103 pentru a evacua locatarii, \u00een cazul \u00een care situa\u021bia devine alarmant\u0103.<\/p>\n<p>La locul incidentului au fost desf\u0103\u0219urate un num\u0103r impresionant de resurse: \u0219apte autospeciale de stingere, dou\u0103 echipaje SMURD, o autospecial\u0103 de descarcerare, autoscara \u0219i personal din Deta\u0219amentul Special de Salvatori.<\/p>\n<p>Interven\u021bia continu\u0103, iar autorit\u0103\u021bile monitorizeaz\u0103 \u00eendeaproape evolu\u021bia situa\u021biei pentru a asigura siguran\u021ba tuturor persoanelor implicate.<\/p>\n","protected":false},"excerpt":{"rendered":"<p>Incendiul a izbucnit la un magazin situat la parterul unui bloc, afect\u00e2nd o suprafa\u021b\u0103 estimat\u0103 \u00eentre 80 \u0219i 100 de metri p\u0103tra\u021bi, precum \u0219i fa\u021bada cl\u0103dirii pe aproximativ 5-10 metri p\u0103tra\u021bi. Autorit\u0103\u021bile au reu\u0219it s\u0103 localizeze incendiul, iar opera\u021biunile de stingere sunt \u00een plin\u0103 desf\u0103\u0219urare. Conform informa\u021biilor furnizate de ISU Bucure\u0219ti-Ilfov, fumul a reu\u0219it s\u0103 [&hellip;]<\/p>\n","protected":false},"author":2,"featured_media":8463,"comment_status":"open","ping_status":"open","sticky":false,"template":"","format":"standard","meta":{"jnews-multi-image_gallery":[],"jnews_single_post":[],"jnews_primary_category":[],"jnews_override_counter":[],"footnotes":""},"categories":[39],"tags":[362,2179,689,11327,11328,11325,813,11326],"class_list":["post-8462","post","type-post","status-publish","format-standard","has-post-thumbnail","hentry","category-stirile-zilei","tag-bucuresti","tag-evacuare","tag-incendiu","tag-isu","tag-locatari","tag-magazin","tag-resurse","tag-stingere"],"_links":{"self":[{"href":"https:\/\/www.newsrecorder.ro\/app\/wp-json\/wp\/v2\/posts\/8462","targetHints":{"allow":["GET"]}}],"collection":[{"href":"https:\/\/www.newsrecorder.ro\/app\/wp-json\/wp\/v2\/posts"}],"about":[{"href":"https:\/\/www.newsrecorder.ro\/app\/wp-json\/wp\/v2\/types\/post"}],"author":[{"embeddable":true,"href":"https:\/\/www.newsrecorder.ro\/app\/wp-json\/wp\/v2\/users\/2"}],"replies":[{"embeddable":true,"href":"https:\/\/www.newsrecorder.ro\/app\/wp-json\/wp\/v2\/comments?post=8462"}],"version-history":[{"count":0,"href":"https:\/\/www.newsrecorder.ro\/app\/wp-json\/wp\/v2\/posts\/8462\/revisions"}],"wp:featuredmedia":[{"embeddable":true,"href":"https:\/\/www.newsrecorder.ro\/app\/wp-json\/wp\/v2\/media\/8463"}],"wp:attachment":[{"href":"https:\/\/www.newsrecorder.ro\/app\/wp-json\/wp\/v2\/media?parent=8462"}],"wp:term":[{"taxonomy":"category","embeddable":true,"href":"https:\/\/www.newsrecorder.ro\/app\/wp-json\/wp\/v2\/categories?post=8462"},{"taxonomy":"post_tag","embeddable":true,"href":"https:\/\/www.newsrecorder.ro\/app\/wp-json\/wp\/v2\/tags?post=8462"}],"curies":[{"name":"wp","href":"https:\/\/api.w.org\/{rel}","templated":true}]}}