{"id":8468,"date":"2026-03-14T19:10:31","date_gmt":"2026-03-14T19:10:31","guid":{"rendered":"https:\/\/www.newsrecorder.ro\/app\/2026\/03\/14\/arbeloa-mbappe-pregatit-sa-straluceasca-in-returul-cu-manchester-city\/"},"modified":"2026-03-14T19:10:31","modified_gmt":"2026-03-14T19:10:31","slug":"arbeloa-mbappe-pregatit-sa-straluceasca-in-returul-cu-manchester-city","status":"publish","type":"post","link":"https:\/\/www.newsrecorder.ro\/app\/2026\/03\/14\/arbeloa-mbappe-pregatit-sa-straluceasca-in-returul-cu-manchester-city\/","title":{"rendered":"Arbeloa: Mbappe, preg\u0103tit s\u0103 str\u0103luceasc\u0103 \u00een returul cu Manchester City!"},"content":{"rendered":"<p>\u201eSe simte mai bine de la o zi la alta\u201d, a declarat Arbeloa \u00eentr-o conferin\u021b\u0103 de pres\u0103, conform celor relatate de AFP.<\/p>\n<p>Acesta a continuat s\u0103 explice c\u0103, de\u0219i juc\u0103torul nu va fi disponibil pentru meciul programat s\u00e2mb\u0103t\u0103 \u00een La Liga \u00eempotriva echipei Elche, exist\u0103 speran\u021be c\u0103 va putea participa la deplasarea la Manchester.<\/p>\n<p>\u00cen ciuda absen\u021bei lui Kylian Mbappe, care a suferit o accidentare la genunchi, \u0219i a altor juc\u0103tori importan\u021bi, Real Madrid a ob\u021binut o victorie conving\u0103toare de 3-0 \u00een prima man\u0219\u0103 a confrunt\u0103rii cu Manchester City, desf\u0103\u0219urat\u0103 pe teren propriu, la Santiago Bernabeu. Aceast\u0103 victorie a fost posibil\u0103 gra\u021bie unui hat-trick impresionant realizat de Federico Valverde.<\/p>\n<p>Returul meciului se va desf\u0103\u0219ura mar\u021bi, iar echipa antrenat\u0103 de Pep Guardiola se afl\u0103 \u00een pericol de a fi eliminat\u0103 din competi\u021biile europene de c\u0103tre Real Madrid pentru al treilea sezon consecutiv.<\/p>\n<p>Mbappe nu a mai jucat din 25 februarie, c\u00e2nd s-a retras din lot \u00eenaintea meciului cu Benfica, din man\u0219a a doua a play-off-ului Ligii Campionilor. De-a lungul sezonului, acesta a reu\u0219it s\u0103 marcheze 38 de goluri \u00een 33 de meciuri pentru club.<\/p>\n<p>Se a\u0219teapt\u0103 ca revenirea sa s\u0103 aib\u0103 loc \u00eenainte de pauza interna\u021bional\u0103, perioad\u0103 \u00een care Fran\u021ba va avea meciuri amicale de preg\u0103tire pentru Cupa Mondial\u0103 \u00eempotriva Braziliei \u0219i Columbiei, acestea urm\u00e2nd s\u0103 se desf\u0103\u0219oare \u00een Statele Unite.<\/p>\n","protected":false},"excerpt":{"rendered":"<p>\u201eSe simte mai bine de la o zi la alta\u201d, a declarat Arbeloa \u00eentr-o conferin\u021b\u0103 de pres\u0103, conform celor relatate de AFP. Acesta a continuat s\u0103 explice c\u0103, de\u0219i juc\u0103torul nu va fi disponibil pentru meciul programat s\u00e2mb\u0103t\u0103 \u00een La Liga \u00eempotriva echipei Elche, exist\u0103 speran\u021be c\u0103 va putea participa la deplasarea la Manchester. \u00cen [&hellip;]<\/p>\n","protected":false},"author":6,"featured_media":8469,"comment_status":"open","ping_status":"open","sticky":false,"template":"","format":"standard","meta":{"jnews-multi-image_gallery":[],"jnews_single_post":[],"jnews_primary_category":[],"jnews_override_counter":[],"footnotes":""},"categories":[46],"tags":[75,96,10809,11108,7142,3851,2842,1395],"class_list":["post-8468","post","type-post","status-publish","format-standard","has-post-thumbnail","hentry","category-sport","tag-accidentare","tag-competitii-europene","tag-federico-valverde","tag-kylian-mbappe","tag-la-liga","tag-manchester-city","tag-pep-guardiola","tag-real-madrid"],"_links":{"self":[{"href":"https:\/\/www.newsrecorder.ro\/app\/wp-json\/wp\/v2\/posts\/8468","targetHints":{"allow":["GET"]}}],"collection":[{"href":"https:\/\/www.newsrecorder.ro\/app\/wp-json\/wp\/v2\/posts"}],"about":[{"href":"https:\/\/www.newsrecorder.ro\/app\/wp-json\/wp\/v2\/types\/post"}],"author":[{"embeddable":true,"href":"https:\/\/www.newsrecorder.ro\/app\/wp-json\/wp\/v2\/users\/6"}],"replies":[{"embeddable":true,"href":"https:\/\/www.newsrecorder.ro\/app\/wp-json\/wp\/v2\/comments?post=8468"}],"version-history":[{"count":0,"href":"https:\/\/www.newsrecorder.ro\/app\/wp-json\/wp\/v2\/posts\/8468\/revisions"}],"wp:featuredmedia":[{"embeddable":true,"href":"https:\/\/www.newsrecorder.ro\/app\/wp-json\/wp\/v2\/media\/8469"}],"wp:attachment":[{"href":"https:\/\/www.newsrecorder.ro\/app\/wp-json\/wp\/v2\/media?parent=8468"}],"wp:term":[{"taxonomy":"category","embeddable":true,"href":"https:\/\/www.newsrecorder.ro\/app\/wp-json\/wp\/v2\/categories?post=8468"},{"taxonomy":"post_tag","embeddable":true,"href":"https:\/\/www.newsrecorder.ro\/app\/wp-json\/wp\/v2\/tags?post=8468"}],"curies":[{"name":"wp","href":"https:\/\/api.w.org\/{rel}","templated":true}]}}