{"id":8472,"date":"2026-03-14T19:11:13","date_gmt":"2026-03-14T19:11:13","guid":{"rendered":"https:\/\/www.newsrecorder.ro\/app\/2026\/03\/14\/sportivii-au-impresionat-la-paralimpicele-de-la-milano-cortina-in-pantaloni-scurti\/"},"modified":"2026-03-14T19:11:13","modified_gmt":"2026-03-14T19:11:13","slug":"sportivii-au-impresionat-la-paralimpicele-de-la-milano-cortina-in-pantaloni-scurti","status":"publish","type":"post","link":"https:\/\/www.newsrecorder.ro\/app\/2026\/03\/14\/sportivii-au-impresionat-la-paralimpicele-de-la-milano-cortina-in-pantaloni-scurti\/","title":{"rendered":"Sportivii au impresionat la Paralimpicele de la Milano Cortina \u00een pantaloni scur\u021bi!"},"content":{"rendered":"<p>\u00cen cadrul Jocurilor Paralimpice, care se desf\u0103\u0219oar\u0103 p\u00e2n\u0103 duminic\u0103, vremea cald\u0103 \u00eei determin\u0103 pe unii sportivi s\u0103 \u00ee\u0219i pun\u0103 \u00eentreb\u0103ri legate de programarea acestora. Unii se \u00eentreab\u0103 dac\u0103 nu ar fi mai bine ca evenimentul s\u0103 aib\u0103 loc mai devreme \u00een an, c\u00e2nd temperaturile sunt mai sc\u0103zute \u0219i condi\u021biile mai sigure, conform unei analize realizate de <a href=\"https:\/\/apnews.com\/article\/milan-cortina-olympics-weather-climate-change-paralympics-593aa27b06a16443b007a97b6c8371b4\" target=\"_blank\" rel=\"noopener\">AP<\/a>.<\/p>\n<p>Zach Miller, un snowboarder american, a afirmat clar: \u201eDac\u0103 ar depinde de mine, a\u0219 muta f\u0103r\u0103 ezitare Jocurile Olimpice \u0219i Paralimpice.\u201d<\/p>\n<p>Speciali\u0219tii \u00een meteorologie, precum Shel Winkley de la Climate Central, sus\u021bin c\u0103 vremea extrem de cald\u0103 din aceast\u0103 prim\u0103var\u0103 ar fi \u201eaproape imposibil\u0103\u201d f\u0103r\u0103 impactul schimb\u0103rilor climatice.<\/p>\n<p>Pe m\u0103sur\u0103 ce schimb\u0103rile climatice progreseaz\u0103, cercet\u0103torii avertizeaz\u0103 c\u0103 num\u0103rul locurilor capabile s\u0103 g\u0103zduiasc\u0103 Jocurile Paralimpice \u00een condi\u021bii de siguran\u021b\u0103 se va diminua. De obicei, aceste jocuri au loc la dou\u0103 s\u0103pt\u0103m\u00e2ni dup\u0103 Jocurile Olimpice de iarn\u0103, iar Comitetul Interna\u021bional Olimpic (CIO) analizeaz\u0103 posibilitatea de a roti evenimentele \u00eentr-un set permanent de loca\u021bii adecvate \u0219i de a le organiza mai devreme, dat fiind c\u0103 luna martie devine tot mai cald\u0103 pentru desf\u0103\u0219urarea Jocurilor Paralimpice.<\/p>\n<p>Comitetul Paralimpic Interna\u021bional colaboreaz\u0103 \u00eendeaproape cu CIO pentru a evalua datele disponibile. De\u0219i mutarea acestor evenimente nu este o simpl\u0103 decizie, av\u00e2nd \u00een vedere programul altor competi\u021bii majore de iarn\u0103, aceasta ar putea deveni necesar\u0103 pentru a asigura cele mai bune condi\u021bii de desf\u0103\u0219urare, a declarat Craig Spence, directorul de brand \u0219i comunicare al IPC.<\/p>\n","protected":false},"excerpt":{"rendered":"<p>\u00cen cadrul Jocurilor Paralimpice, care se desf\u0103\u0219oar\u0103 p\u00e2n\u0103 duminic\u0103, vremea cald\u0103 \u00eei determin\u0103 pe unii sportivi s\u0103 \u00ee\u0219i pun\u0103 \u00eentreb\u0103ri legate de programarea acestora. Unii se \u00eentreab\u0103 dac\u0103 nu ar fi mai bine ca evenimentul s\u0103 aib\u0103 loc mai devreme \u00een an, c\u00e2nd temperaturile sunt mai sc\u0103zute \u0219i condi\u021biile mai sigure, conform unei analize realizate [&hellip;]<\/p>\n","protected":false},"author":6,"featured_media":8473,"comment_status":"open","ping_status":"open","sticky":false,"template":"","format":"standard","meta":{"jnews-multi-image_gallery":[],"jnews_single_post":[],"jnews_primary_category":[],"jnews_override_counter":[],"footnotes":""},"categories":[46],"tags":[6103,133,8264,1641,1118,839,1149,11113],"class_list":["post-8472","post","type-post","status-publish","format-standard","has-post-thumbnail","hentry","category-sport","tag-jocuri-paralimpice","tag-meteorologie","tag-programare","tag-schimbari-climatice","tag-siguranta","tag-sportivi","tag-vreme-calda","tag-zach-miller"],"_links":{"self":[{"href":"https:\/\/www.newsrecorder.ro\/app\/wp-json\/wp\/v2\/posts\/8472","targetHints":{"allow":["GET"]}}],"collection":[{"href":"https:\/\/www.newsrecorder.ro\/app\/wp-json\/wp\/v2\/posts"}],"about":[{"href":"https:\/\/www.newsrecorder.ro\/app\/wp-json\/wp\/v2\/types\/post"}],"author":[{"embeddable":true,"href":"https:\/\/www.newsrecorder.ro\/app\/wp-json\/wp\/v2\/users\/6"}],"replies":[{"embeddable":true,"href":"https:\/\/www.newsrecorder.ro\/app\/wp-json\/wp\/v2\/comments?post=8472"}],"version-history":[{"count":0,"href":"https:\/\/www.newsrecorder.ro\/app\/wp-json\/wp\/v2\/posts\/8472\/revisions"}],"wp:featuredmedia":[{"embeddable":true,"href":"https:\/\/www.newsrecorder.ro\/app\/wp-json\/wp\/v2\/media\/8473"}],"wp:attachment":[{"href":"https:\/\/www.newsrecorder.ro\/app\/wp-json\/wp\/v2\/media?parent=8472"}],"wp:term":[{"taxonomy":"category","embeddable":true,"href":"https:\/\/www.newsrecorder.ro\/app\/wp-json\/wp\/v2\/categories?post=8472"},{"taxonomy":"post_tag","embeddable":true,"href":"https:\/\/www.newsrecorder.ro\/app\/wp-json\/wp\/v2\/tags?post=8472"}],"curies":[{"name":"wp","href":"https:\/\/api.w.org\/{rel}","templated":true}]}}