{"id":8476,"date":"2026-03-14T19:11:43","date_gmt":"2026-03-14T19:11:43","guid":{"rendered":"https:\/\/www.newsrecorder.ro\/app\/2026\/03\/14\/cod-galben-de-vant-avertizari-meteo-pentru-judetul-tau-2\/"},"modified":"2026-03-14T19:11:43","modified_gmt":"2026-03-14T19:11:43","slug":"cod-galben-de-vant-avertizari-meteo-pentru-judetul-tau-2","status":"publish","type":"post","link":"https:\/\/www.newsrecorder.ro\/app\/2026\/03\/14\/cod-galben-de-vant-avertizari-meteo-pentru-judetul-tau-2\/","title":{"rendered":"Cod galben de v\u00e2nt: Avertiz\u0103ri meteo pentru jude\u021bul t\u0103u!"},"content":{"rendered":"<p class=\"font-claude-response-body break-words whitespace-normal leading-[1.7]\">\u00cencep\u00e2nd de vineri sear\u0103, jude\u021bul Cara\u0219-Severin se afl\u0103 sub inciden\u021ba unui cod galben de v\u00e2nt, conform avertiz\u0103rilor emise de Administra\u021bia Na\u021bional\u0103 de Meteorologie (ANM). Vitezele v\u00e2ntului se vor intensifica, ating\u00e2nd 50-60 km\/h, iar \u00een unele zone rafalele pot dep\u0103\u0219i 65-70 km\/h.<\/p>\n<p class=\"font-claude-response-body break-words whitespace-normal leading-[1.7]\">Aceast\u0103 avertizare este valabil\u0103 pentru o perioad\u0103 de aproape dou\u0103 zile, p\u00e2n\u0103 duminic\u0103, 15 martie, la ora 14:00.<\/p>\n<p class=\"font-claude-response-body break-words whitespace-normal leading-[1.7]\">Pe l\u00e2ng\u0103 codul galben, ANM a emis \u0219i o informare meteorologic\u0103 care va fi \u00een vigoare \u00eentre 13 martie, ora 10:00, \u0219i 15 martie, ora 20:00. Aceasta vizeaz\u0103 intensific\u0103ri ale v\u00e2ntului \u00een mai multe regiuni ale \u021b\u0103rii:<\/p>\n<ul class=\"[li_&amp;]:mb-0 [li_&amp;]:mt-1 [li_&amp;]:gap-1 [&amp;:not(:last-child)_ul]:pb-1 [&amp;:not(:last-child)_ol]:pb-1 list-disc flex flex-col gap-1 pl-8 mb-3\">\n<li class=\"whitespace-normal break-words pl-2\"><strong>Sudul Banatului<\/strong> \u2013 viteze de 40-45 km\/h<\/li>\n<li class=\"whitespace-normal break-words pl-2\"><strong>Nordul Moldovei<\/strong> \u2013 viteze de 40-45 km\/h<\/li>\n<li class=\"whitespace-normal break-words pl-2\"><strong>Transilvania<\/strong> \u2013 intensific\u0103ri pe arii restr\u00e2nse<\/li>\n<li class=\"whitespace-normal break-words pl-2\"><strong>Nord-estul Munteniei<\/strong> \u2013 va fi afectat \u00eencep\u00e2nd de duminic\u0103, 15 martie<\/li>\n<\/ul>\n<p class=\"font-claude-response-body break-words whitespace-normal leading-[1.7]\">Cele mai puternice rafale de v\u00e2nt sunt a\u0219teptate \u00een zonele montane. Pe crestele Carpa\u021bilor Meridionali \u0219i \u00een Mun\u021bii Banatului, vitezele vor atinge valori cuprinse \u00eentre 60 \u0219i 80 km\/h.<\/p>\n","protected":false},"excerpt":{"rendered":"<p>\u00cencep\u00e2nd de vineri sear\u0103, jude\u021bul Cara\u0219-Severin se afl\u0103 sub inciden\u021ba unui cod galben de v\u00e2nt, conform avertiz\u0103rilor emise de Administra\u021bia Na\u021bional\u0103 de Meteorologie (ANM). Vitezele v\u00e2ntului se vor intensifica, ating\u00e2nd 50-60 km\/h, iar \u00een unele zone rafalele pot dep\u0103\u0219i 65-70 km\/h. Aceast\u0103 avertizare este valabil\u0103 pentru o perioad\u0103 de aproape dou\u0103 zile, p\u00e2n\u0103 duminic\u0103, 15 [&hellip;]<\/p>\n","protected":false},"author":5,"featured_media":8477,"comment_status":"open","ping_status":"open","sticky":false,"template":"","format":"standard","meta":{"jnews-multi-image_gallery":[],"jnews_single_post":[],"jnews_primary_category":[],"jnews_override_counter":[],"footnotes":""},"categories":[45],"tags":[1816,1563,10107,196,1422,5680,137,742],"class_list":["post-8476","post","type-post","status-publish","format-standard","has-post-thumbnail","hentry","category-meteo","tag-administratia-nationala-de-meteorologie","tag-avertizare-meteorologica","tag-caras-severin","tag-cod-galben","tag-intensificari","tag-rafale","tag-vant","tag-zone-montane"],"_links":{"self":[{"href":"https:\/\/www.newsrecorder.ro\/app\/wp-json\/wp\/v2\/posts\/8476","targetHints":{"allow":["GET"]}}],"collection":[{"href":"https:\/\/www.newsrecorder.ro\/app\/wp-json\/wp\/v2\/posts"}],"about":[{"href":"https:\/\/www.newsrecorder.ro\/app\/wp-json\/wp\/v2\/types\/post"}],"author":[{"embeddable":true,"href":"https:\/\/www.newsrecorder.ro\/app\/wp-json\/wp\/v2\/users\/5"}],"replies":[{"embeddable":true,"href":"https:\/\/www.newsrecorder.ro\/app\/wp-json\/wp\/v2\/comments?post=8476"}],"version-history":[{"count":0,"href":"https:\/\/www.newsrecorder.ro\/app\/wp-json\/wp\/v2\/posts\/8476\/revisions"}],"wp:featuredmedia":[{"embeddable":true,"href":"https:\/\/www.newsrecorder.ro\/app\/wp-json\/wp\/v2\/media\/8477"}],"wp:attachment":[{"href":"https:\/\/www.newsrecorder.ro\/app\/wp-json\/wp\/v2\/media?parent=8476"}],"wp:term":[{"taxonomy":"category","embeddable":true,"href":"https:\/\/www.newsrecorder.ro\/app\/wp-json\/wp\/v2\/categories?post=8476"},{"taxonomy":"post_tag","embeddable":true,"href":"https:\/\/www.newsrecorder.ro\/app\/wp-json\/wp\/v2\/tags?post=8476"}],"curies":[{"name":"wp","href":"https:\/\/api.w.org\/{rel}","templated":true}]}}