{"id":8482,"date":"2026-03-14T19:12:46","date_gmt":"2026-03-14T19:12:46","guid":{"rendered":"https:\/\/www.newsrecorder.ro\/app\/2026\/03\/14\/furtuni-iminente-anm-avertizeaza-despre-vant-puternic-in-sud-vest\/"},"modified":"2026-03-14T19:12:46","modified_gmt":"2026-03-14T19:12:46","slug":"furtuni-iminente-anm-avertizeaza-despre-vant-puternic-in-sud-vest","status":"publish","type":"post","link":"https:\/\/www.newsrecorder.ro\/app\/2026\/03\/14\/furtuni-iminente-anm-avertizeaza-despre-vant-puternic-in-sud-vest\/","title":{"rendered":"Furtuni iminente: ANM avertizeaz\u0103 despre v\u00e2nt puternic \u00een sud-vest!"},"content":{"rendered":"<p>Administra\u021bia Na\u021bional\u0103 de Meteorologie (ANM) a emis duminic\u0103 o informare meteorologic\u0103 care va fi \u00een vigoare \u00eentre <strong>8 martie<\/strong>, ora 20:00, \u0219i <strong>10 martie<\/strong>, ora 22:00, avertiz\u00e2nd asupra intensific\u0103rilor v\u00e2ntului \u00een diverse regiuni ale \u021b\u0103rii.<\/p>\n<p>Conform speciali\u0219tilor, v\u00e2ntul va prezenta intensific\u0103ri temporare, \u00een special \u00een sud-vestul Rom\u00e2niei \u0219i \u00een zona Carpa\u021bilor Meridionali. \u00cen ziua de mar\u021bi, 10 martie, aceste intensific\u0103ri se vor extinde \u0219i \u00een Moldova. Meteorologii estimeaz\u0103 viteze ale v\u00e2ntului de aproximativ 40-50 km\/h, iar \u00een zonele montane \u00eenalte, rafalele ar putea ajunge la valori impresionante de 60-80 km\/h.<\/p>\n<p>De asemenea, ANM a emis o aten\u021bionare de tip cod galben pentru jude\u021bul Cara\u0219-Severin, valabil\u0103 tot \u00eentre 8 martie, ora 22:00, \u0219i 10 martie, ora 22:00.<\/p>\n<p>\u201e\u00cen acest interval, \u00een jude\u021bul Cara\u0219-Severin, v\u00e2ntul va atinge intensific\u0103ri cu viteze cuprinse \u00eentre 50 \u0219i 65 km\/h, iar izolat se pot \u00eenregistra rafale de p\u00e2n\u0103 la 70 km\/h\u201d, a subliniat comunicatul ANM.<\/p>\n<p>\u00cen contextul acestor condi\u021bii meteorologice, meteorologii sf\u0103tuiesc popula\u021bia s\u0103 manifeste pruden\u021b\u0103, \u00een special \u00een zonele montane \u0219i \u00een jude\u021bele afectate de aten\u021bionare. Este recomandat s\u0103 se evite deplas\u0103rile \u00een condi\u021bii de v\u00e2nt puternic \u0219i s\u0103 se asigure corespunz\u0103tor bunurile \u0219i vehiculele l\u0103sate \u00een aer liber.<\/p>\n","protected":false},"excerpt":{"rendered":"<p>Administra\u021bia Na\u021bional\u0103 de Meteorologie (ANM) a emis duminic\u0103 o informare meteorologic\u0103 care va fi \u00een vigoare \u00eentre 8 martie, ora 20:00, \u0219i 10 martie, ora 22:00, avertiz\u00e2nd asupra intensific\u0103rilor v\u00e2ntului \u00een diverse regiuni ale \u021b\u0103rii. Conform speciali\u0219tilor, v\u00e2ntul va prezenta intensific\u0103ri temporare, \u00een special \u00een sud-vestul Rom\u00e2niei \u0219i \u00een zona Carpa\u021bilor Meridionali. \u00cen ziua de [&hellip;]<\/p>\n","protected":false},"author":5,"featured_media":8483,"comment_status":"open","ping_status":"open","sticky":false,"template":"","format":"standard","meta":{"jnews-multi-image_gallery":[],"jnews_single_post":[],"jnews_primary_category":[],"jnews_override_counter":[],"footnotes":""},"categories":[45],"tags":[150,10107,1558,196,4028,1422,871,137],"class_list":["post-8482","post","type-post","status-publish","format-standard","has-post-thumbnail","hentry","category-meteo","tag-anm","tag-caras-severin","tag-carpati-meridionali","tag-cod-galben","tag-informare-meteorologica","tag-intensificari","tag-moldova","tag-vant"],"_links":{"self":[{"href":"https:\/\/www.newsrecorder.ro\/app\/wp-json\/wp\/v2\/posts\/8482","targetHints":{"allow":["GET"]}}],"collection":[{"href":"https:\/\/www.newsrecorder.ro\/app\/wp-json\/wp\/v2\/posts"}],"about":[{"href":"https:\/\/www.newsrecorder.ro\/app\/wp-json\/wp\/v2\/types\/post"}],"author":[{"embeddable":true,"href":"https:\/\/www.newsrecorder.ro\/app\/wp-json\/wp\/v2\/users\/5"}],"replies":[{"embeddable":true,"href":"https:\/\/www.newsrecorder.ro\/app\/wp-json\/wp\/v2\/comments?post=8482"}],"version-history":[{"count":0,"href":"https:\/\/www.newsrecorder.ro\/app\/wp-json\/wp\/v2\/posts\/8482\/revisions"}],"wp:featuredmedia":[{"embeddable":true,"href":"https:\/\/www.newsrecorder.ro\/app\/wp-json\/wp\/v2\/media\/8483"}],"wp:attachment":[{"href":"https:\/\/www.newsrecorder.ro\/app\/wp-json\/wp\/v2\/media?parent=8482"}],"wp:term":[{"taxonomy":"category","embeddable":true,"href":"https:\/\/www.newsrecorder.ro\/app\/wp-json\/wp\/v2\/categories?post=8482"},{"taxonomy":"post_tag","embeddable":true,"href":"https:\/\/www.newsrecorder.ro\/app\/wp-json\/wp\/v2\/tags?post=8482"}],"curies":[{"name":"wp","href":"https:\/\/api.w.org\/{rel}","templated":true}]}}