{"id":8484,"date":"2026-03-14T19:12:59","date_gmt":"2026-03-14T19:12:59","guid":{"rendered":"https:\/\/www.newsrecorder.ro\/app\/2026\/03\/14\/vremea-de-8-martie-ce-surprize-ne-aduce-in-bucuresti-si-pe-tara\/"},"modified":"2026-03-14T19:12:59","modified_gmt":"2026-03-14T19:12:59","slug":"vremea-de-8-martie-ce-surprize-ne-aduce-in-bucuresti-si-pe-tara","status":"publish","type":"post","link":"https:\/\/www.newsrecorder.ro\/app\/2026\/03\/14\/vremea-de-8-martie-ce-surprize-ne-aduce-in-bucuresti-si-pe-tara\/","title":{"rendered":"Vremea de 8 Martie: Ce surprize ne aduce \u00een Bucure\u0219ti \u0219i pe \u021bar\u0103?"},"content":{"rendered":"<p>Agen\u021bia Na\u021bional\u0103 de Meteorologie (ANM) preconizeaz\u0103 o zi de 8 Martie plin\u0103 de frumuse\u021be, cu temperaturi ce dep\u0103\u0219esc valorile obi\u0219nuite pentru aceast\u0103 perioad\u0103. \u00cen anumite zone, termometrele vor indica p\u00e2n\u0103 la 17 grade Celsius.<\/p>\n<p>\u00cen intervalul de timp de duminic\u0103, 8 martie, de la ora 9:00 p\u00e2n\u0103 luni, 9 martie, ora 9:00, regiunile din sud \u0219i sud-estul \u021b\u0103rii se vor bucura de un cer variabil, cu apari\u021bia cea\u021bei \u00een prima parte a zilei \u0219i din nou pe timpul nop\u021bii. \u00cen restul \u021b\u0103rii, vremea se va men\u021bine predominant senin\u0103.<\/p>\n<p>Conform ANM, v\u00e2ntul va avea intensitate slab\u0103 \u0219i moderat\u0103, cu unele intensific\u0103ri temporare, \u00een special pe parcursul nop\u021bii \u00een sudul Banatului, unde rafalele vor atinge viteze de 50-55 km\/h.<\/p>\n<p>Temperaturile maxime \u00eenregistrate vor varia \u00eentre 7 \u0219i 17 grade Celsius, \u00een timp ce temperaturile minime se vor situa \u00eentre -8 grade \u00een depresiunile Carpa\u021bilor Orientali \u0219i 7 grade \u00een sudul Banatului.<\/p>\n<p>Vremea \u00een Bucure\u0219ti<\/p>\n<p>\u00cen aceea\u0219i perioad\u0103, vremea \u00een Capital\u0103 se anun\u021b\u0103 a fi splendid\u0103, cu temperaturi ce dep\u0103\u0219esc media multianual\u0103. \u00cen prima parte a zilei, vremea va fi r\u0103coroas\u0103, iar temperaturile minime vor oscila \u00eentre -1 \u0219i 1 grad Celsius.<\/p>\n<p>Pe parcursul zilei, v\u00e2ntul va r\u0103m\u00e2ne slab \u0219i moderat, iar temperatura maxim\u0103 va ajunge la 12-13 grade Celsius.<\/p>\n","protected":false},"excerpt":{"rendered":"<p>Agen\u021bia Na\u021bional\u0103 de Meteorologie (ANM) preconizeaz\u0103 o zi de 8 Martie plin\u0103 de frumuse\u021be, cu temperaturi ce dep\u0103\u0219esc valorile obi\u0219nuite pentru aceast\u0103 perioad\u0103. \u00cen anumite zone, termometrele vor indica p\u00e2n\u0103 la 17 grade Celsius. \u00cen intervalul de timp de duminic\u0103, 8 martie, de la ora 9:00 p\u00e2n\u0103 luni, 9 martie, ora 9:00, regiunile din sud [&hellip;]<\/p>\n","protected":false},"author":5,"featured_media":8485,"comment_status":"open","ping_status":"open","sticky":false,"template":"","format":"standard","meta":{"jnews-multi-image_gallery":[],"jnews_single_post":[],"jnews_primary_category":[],"jnews_override_counter":[],"footnotes":""},"categories":[45],"tags":[10031,150,131,130,133,126,137,2343],"class_list":["post-8484","post","type-post","status-publish","format-standard","has-post-thumbnail","hentry","category-meteo","tag-8-martie","tag-anm","tag-ceata","tag-cer-variabil","tag-meteorologie","tag-temperaturi","tag-vant","tag-vremea"],"_links":{"self":[{"href":"https:\/\/www.newsrecorder.ro\/app\/wp-json\/wp\/v2\/posts\/8484","targetHints":{"allow":["GET"]}}],"collection":[{"href":"https:\/\/www.newsrecorder.ro\/app\/wp-json\/wp\/v2\/posts"}],"about":[{"href":"https:\/\/www.newsrecorder.ro\/app\/wp-json\/wp\/v2\/types\/post"}],"author":[{"embeddable":true,"href":"https:\/\/www.newsrecorder.ro\/app\/wp-json\/wp\/v2\/users\/5"}],"replies":[{"embeddable":true,"href":"https:\/\/www.newsrecorder.ro\/app\/wp-json\/wp\/v2\/comments?post=8484"}],"version-history":[{"count":0,"href":"https:\/\/www.newsrecorder.ro\/app\/wp-json\/wp\/v2\/posts\/8484\/revisions"}],"wp:featuredmedia":[{"embeddable":true,"href":"https:\/\/www.newsrecorder.ro\/app\/wp-json\/wp\/v2\/media\/8485"}],"wp:attachment":[{"href":"https:\/\/www.newsrecorder.ro\/app\/wp-json\/wp\/v2\/media?parent=8484"}],"wp:term":[{"taxonomy":"category","embeddable":true,"href":"https:\/\/www.newsrecorder.ro\/app\/wp-json\/wp\/v2\/categories?post=8484"},{"taxonomy":"post_tag","embeddable":true,"href":"https:\/\/www.newsrecorder.ro\/app\/wp-json\/wp\/v2\/tags?post=8484"}],"curies":[{"name":"wp","href":"https:\/\/api.w.org\/{rel}","templated":true}]}}