{"id":8486,"date":"2026-03-14T19:13:11","date_gmt":"2026-03-14T19:13:11","guid":{"rendered":"https:\/\/www.newsrecorder.ro\/app\/2026\/03\/14\/vremea-in-bucuresti-maxime-de-16-grade-in-urmatoarele-doua-zile\/"},"modified":"2026-03-14T19:13:11","modified_gmt":"2026-03-14T19:13:11","slug":"vremea-in-bucuresti-maxime-de-16-grade-in-urmatoarele-doua-zile","status":"publish","type":"post","link":"https:\/\/www.newsrecorder.ro\/app\/2026\/03\/14\/vremea-in-bucuresti-maxime-de-16-grade-in-urmatoarele-doua-zile\/","title":{"rendered":"Vremea \u00een Bucure\u0219ti: maxime de 16 grade \u00een urm\u0103toarele dou\u0103 zile!"},"content":{"rendered":"<p class=\"font-claude-response-body break-words whitespace-normal leading-[1.7]\">Bucure\u0219tiul se bucur\u0103 de o veste \u00eembucur\u0103toare: \u00een prezent, capitala nu este sub inciden\u021ba vreunui cod meteorologic.<\/p>\n<p><strong>Temperaturi mai ridicate joi \u0219i \u00een noaptea de vineri<\/strong><\/p>\n<p class=\"font-claude-response-body break-words whitespace-normal leading-[1.7]\">\u00cen cursul zilei de joi, valorile termice vor dep\u0103\u0219i mediile caracteristice acestei perioade a anului. Cerul va prezenta \u00eennor\u0103ri temporare, iar v\u00e2ntul va sopti cu intensitate slab\u0103 p\u00e2n\u0103 la moderat\u0103. Temperaturile maxime vor ajunge la 14-16 grade Celsius, \u00een timp ce minimele nocturne se vor situa \u00eentre 1 \u0219i 3 grade.<\/p>\n<p><strong>Vineri \u00een Bucure\u0219ti: vreme variabil\u0103 f\u0103r\u0103 precipita\u021bii<\/strong><\/p>\n<p class=\"font-claude-response-body break-words whitespace-normal leading-[1.7]\">Vineri, \u00eentre orele 08:00 \u0219i 20:00, vremea se va p\u0103stra variabil\u0103. V\u00e2ntul va continua s\u0103 fie slab \u0219i moderat, iar temperatura va urca la valori de 12-13 grade Celsius pe parcursul zilei.<\/p>\n<p class=\"font-claude-response-body break-words whitespace-normal leading-[1.7]\">Conform prognozei emise de ANM, pe \u00eentreaga durat\u0103 a acestui interval, municipiul Bucure\u0219ti nu se afl\u0103 sub niciun mesaj de aten\u021bionare sau avertizare meteorologic\u0103.<\/p>\n","protected":false},"excerpt":{"rendered":"<p>Bucure\u0219tiul se bucur\u0103 de o veste \u00eembucur\u0103toare: \u00een prezent, capitala nu este sub inciden\u021ba vreunui cod meteorologic. Temperaturi mai ridicate joi \u0219i \u00een noaptea de vineri \u00cen cursul zilei de joi, valorile termice vor dep\u0103\u0219i mediile caracteristice acestei perioade a anului. Cerul va prezenta \u00eennor\u0103ri temporare, iar v\u00e2ntul va sopti cu intensitate slab\u0103 p\u00e2n\u0103 la [&hellip;]<\/p>\n","protected":false},"author":5,"featured_media":8487,"comment_status":"open","ping_status":"open","sticky":false,"template":"","format":"standard","meta":{"jnews-multi-image_gallery":[],"jnews_single_post":[],"jnews_primary_category":[],"jnews_override_counter":[],"footnotes":""},"categories":[45],"tags":[11340,362,9844,133,132,126,137,125],"class_list":["post-8486","post","type-post","status-publish","format-standard","has-post-thumbnail","hentry","category-meteo","tag-anotimp","tag-bucuresti","tag-cod-meteorologic","tag-meteorologie","tag-prognoza","tag-temperaturi","tag-vant","tag-vreme"],"_links":{"self":[{"href":"https:\/\/www.newsrecorder.ro\/app\/wp-json\/wp\/v2\/posts\/8486","targetHints":{"allow":["GET"]}}],"collection":[{"href":"https:\/\/www.newsrecorder.ro\/app\/wp-json\/wp\/v2\/posts"}],"about":[{"href":"https:\/\/www.newsrecorder.ro\/app\/wp-json\/wp\/v2\/types\/post"}],"author":[{"embeddable":true,"href":"https:\/\/www.newsrecorder.ro\/app\/wp-json\/wp\/v2\/users\/5"}],"replies":[{"embeddable":true,"href":"https:\/\/www.newsrecorder.ro\/app\/wp-json\/wp\/v2\/comments?post=8486"}],"version-history":[{"count":0,"href":"https:\/\/www.newsrecorder.ro\/app\/wp-json\/wp\/v2\/posts\/8486\/revisions"}],"wp:featuredmedia":[{"embeddable":true,"href":"https:\/\/www.newsrecorder.ro\/app\/wp-json\/wp\/v2\/media\/8487"}],"wp:attachment":[{"href":"https:\/\/www.newsrecorder.ro\/app\/wp-json\/wp\/v2\/media?parent=8486"}],"wp:term":[{"taxonomy":"category","embeddable":true,"href":"https:\/\/www.newsrecorder.ro\/app\/wp-json\/wp\/v2\/categories?post=8486"},{"taxonomy":"post_tag","embeddable":true,"href":"https:\/\/www.newsrecorder.ro\/app\/wp-json\/wp\/v2\/tags?post=8486"}],"curies":[{"name":"wp","href":"https:\/\/api.w.org\/{rel}","templated":true}]}}