{"id":8524,"date":"2026-03-14T20:43:33","date_gmt":"2026-03-14T20:43:33","guid":{"rendered":"https:\/\/www.newsrecorder.ro\/app\/2026\/03\/14\/orezul-in-pericol-criza-care-ameninta-viitorul-acestui-aliment-esential\/"},"modified":"2026-03-14T20:43:33","modified_gmt":"2026-03-14T20:43:33","slug":"orezul-in-pericol-criza-care-ameninta-viitorul-acestui-aliment-esential","status":"publish","type":"post","link":"https:\/\/www.newsrecorder.ro\/app\/2026\/03\/14\/orezul-in-pericol-criza-care-ameninta-viitorul-acestui-aliment-esential\/","title":{"rendered":"Orezul \u00een pericol: Criza care amenin\u021b\u0103 viitorul acestui aliment esen\u021bial!"},"content":{"rendered":"<p>Sectorul orezului din Europa se afl\u0103 \u00eentr-o situa\u021bie critic\u0103, avertiz\u00e2nd asupra riscului de colaps structural din cauza presiunilor cresc\u00e2nde care amenin\u021b\u0103 viabilitatea industriei. Organiza\u021biile din domeniu subliniaz\u0103 c\u0103 produc\u021bia de orez din Uniunea European\u0103 devine din ce \u00een ce mai pu\u021bin sustenabil\u0103 din punct de vedere economic \u0219i ar putea disp\u0103rea f\u0103r\u0103 interven\u021bii politice adecvate, conform unui articol publicat de <a href=\"https:\/\/www.foodingredientsfirst.com\/news\/european-rice-crisis-trade-policies.html\" target=\"_blank\" rel=\"noopener\">Foodingredientsfirst.com<\/a>.<\/p>\n<p><strong>Pia\u021ba orezului, sub presiune<\/strong><\/p>\n<p>Costurile de produc\u021bie au crescut semnificativ, \u00een timp ce standardele de mediu impuse de UE devin tot mai stricte. \u00cen plus, majorarea importurilor de orez cu tarife reduse afecteaz\u0103 concuren\u021ba, iar pre\u021burile la orezul nedecorticat continu\u0103 s\u0103 scad\u0103, pun\u00e2nd presiune pe produc\u0103tori \u0219i exportatori din Uniunea European\u0103.<\/p>\n<p>Organiza\u021bia agroalimentar\u0103 european\u0103 Copa-Cogeca atrage aten\u021bia asupra dezechilibrelor cresc\u00e2nde din sector. Importurile de orez \u00een UE au atins recent 1,7 milioane de tone, o propor\u021bie semnificativ\u0103 dintre acestea intr\u00e2nd pe pia\u021b\u0103 cu tarife reduse sau chiar zero, datorit\u0103 acordurilor comerciale existente.<\/p>\n<p>Copa-Cogeca, \u00eempreun\u0103 cu alte organiza\u021bii din domeniu, precum Federa\u021bia Morarilor Europeni de Orez \u0219i Consiliul Na\u021bional al Orezului din Italia (Ente Nazionale Risi), solicit\u0103 m\u0103suri mai eficiente pentru protejarea produc\u0103torilor din UE. Reprezentan\u021bii industriei consider\u0103 c\u0103 ar fi necesar\u0103 ajustarea tarifelor vamale pentru orezul importat, astfel \u00eenc\u00e2t s\u0103 fie proteja\u021bi mai bine produc\u0103torii \u0219i procesatorii europeni de concuren\u021ba importurilor ieftine.<\/p>\n<p><strong>Apeluri pentru condi\u021bii de concuren\u021b\u0103 echitabile<\/strong><\/p>\n<p>Produc\u0103torii de orez din UE se confrunt\u0103 cu costuri de produc\u021bie ridicate \u0219i trebuie s\u0103 respecte unele dintre cele mai exigente standarde de mediu \u0219i de produc\u021bie la nivel global, conform afirma\u021biilor Copa-Cogeca.<\/p>\n<p>\u00cen aceast\u0103 s\u0103pt\u0103m\u00e2n\u0103, organiza\u021bia a solicitat Uniunii Europene s\u0103 revizuiasc\u0103 regulile comerciale actuale, menite s\u0103 protejeze agricultura european\u0103. Reprezentan\u021bii sectorului afirm\u0103 c\u0103 instrumentele necesare pentru o reac\u021bie rapid\u0103 la cre\u0219terile bru\u0219te ale importurilor sunt deja disponibile, dar autorit\u0103\u021bile nu ac\u021bioneaz\u0103 suficient de repede.<\/p>\n<p>\u201eProduc\u021bia de orez \u00een Europa nu doar c\u0103 asigur\u0103 hran\u0103, ci contribuie \u0219i la economiile rurale, la ocuparea for\u021bei de munc\u0103 \u0219i la gestionarea mediului \u00een anumite regiuni. Este esen\u021bial ca sectorul s\u0103 r\u0103m\u00e2n\u0103 viabil pentru a men\u021bine echilibrul economic \u0219i teritorial \u00een mai multe state membre ale UE\u201d, se arat\u0103 \u00eentr-un comunicat oficial.<\/p>\n<p>Organiza\u021biile din domeniu solicit\u0103 o revizuire a taxelor din Tariful Vamal Comun, pentru a se adapta mai bine realit\u0103\u021bilor pie\u021bei actuale.<\/p>\n<p>\u201eEste crucial ca structurile tarifare s\u0103 fie aliniate la condi\u021biile de pe pia\u021b\u0103, inclusiv prin m\u0103suri care s\u0103 protejeze competitivitatea industriei europene de procesare \u0219i valoarea ad\u0103ugat\u0103 generat\u0103 \u00een lan\u021bul alimentar al UE\u201d, subliniaz\u0103 acestea.<\/p>\n<p><strong>Necesitatea unei concuren\u021be mai echitabile<\/strong><\/p>\n<p>Sectoul orezului cere, de asemenea, revizuirea instrumentelor de politic\u0103 existente pentru a se asigura c\u0103 acestea sunt eficiente \u00een men\u021binerea stabilit\u0103\u021bii pie\u021bei. \u00cen special, este necesar\u0103 reevaluarea modului \u00een care func\u021bioneaz\u0103 mecanismul automat de salvgardare asociat regimului SPG\/EBA, pentru a reflecta mai bine realit\u0103\u021bile pie\u021bei \u0219i a permite adoptarea rapid\u0103 a m\u0103surilor \u00een caz de cre\u0219teri bru\u0219te ale importurilor.<\/p>\n<p>De asemenea, grupurile din industrie subliniaz\u0103 importan\u021ba consolid\u0103rii principiului reciprocit\u0103\u021bii \u00een comer\u021bul interna\u021bional, cer\u00e2nd \u00eent\u0103rirea controalelor la frontier\u0103 \u0219i aplicarea strict\u0103 a standardelor de protec\u021bie a mediului \u0219i de siguran\u021b\u0103 alimentar\u0103 pentru produsele importate.<\/p>\n<p><strong>Turbulen\u021be pe pia\u021ba global\u0103 a orezului<\/strong><\/p>\n<p>Provoc\u0103rile cu care se confrunt\u0103 sectorul orezului din Europa nu sunt unice. Pia\u021ba global\u0103 a orezului se confrunt\u0103, de asemenea, cu instabilitate, cauzat\u0103 de tensiunile geopolitice din Orientul Mijlociu \u0219i conflictul dintre Israel \u0219i Iran.<\/p>\n<p>India, care reprezint\u0103 aproximativ 40% din exporturile mondiale de orez, se afl\u0103 \u00een fa\u021ba unor dificult\u0103\u021bi. Exporturile indiene \u00eencetinesc, pe fondul problemelor de transport \u0219i a cre\u0219terii costurilor de asigurare, generate de conflict, conform informa\u021biilor furnizate de Reuters.<\/p>\n<p>\u00cen plus, Asocia\u021bia Exportatorilor de Orez din India (AIREA) a exprimat \u00eengrijor\u0103ri cu privire la posibilele perturb\u0103ri ale exporturilor c\u0103tre Iran, una dintre cele mai importante pie\u021be de import pentru orezul indian. Secretarul general al AIREA a declarat c\u0103 livr\u0103rile de orez basmati din India c\u0103tre Iran au fost suspendate de la \u00eenceputul conflictului, ceea ce genereaz\u0103 o incertitudine major\u0103 pentru sectorul de orez din India.<\/p>\n","protected":false},"excerpt":{"rendered":"<p>Sectorul orezului din Europa se afl\u0103 \u00eentr-o situa\u021bie critic\u0103, avertiz\u00e2nd asupra riscului de colaps structural din cauza presiunilor cresc\u00e2nde care amenin\u021b\u0103 viabilitatea industriei. Organiza\u021biile din domeniu subliniaz\u0103 c\u0103 produc\u021bia de orez din Uniunea European\u0103 devine din ce \u00een ce mai pu\u021bin sustenabil\u0103 din punct de vedere economic \u0219i ar putea disp\u0103rea f\u0103r\u0103 interven\u021bii politice adecvate, [&hellip;]<\/p>\n","protected":false},"author":4,"featured_media":8525,"comment_status":"open","ping_status":"open","sticky":false,"template":"","format":"standard","meta":{"jnews-multi-image_gallery":[],"jnews_single_post":[],"jnews_primary_category":[],"jnews_override_counter":[],"footnotes":""},"categories":[40],"tags":[779,699,468,1325,11118,5871,782,2890],"class_list":["post-8524","post","type-post","status-publish","format-standard","has-post-thumbnail","hentry","category-econonie","tag-costuri","tag-europa","tag-importuri","tag-industrie","tag-orez","tag-politici","tag-productie","tag-sustenabilitate"],"_links":{"self":[{"href":"https:\/\/www.newsrecorder.ro\/app\/wp-json\/wp\/v2\/posts\/8524","targetHints":{"allow":["GET"]}}],"collection":[{"href":"https:\/\/www.newsrecorder.ro\/app\/wp-json\/wp\/v2\/posts"}],"about":[{"href":"https:\/\/www.newsrecorder.ro\/app\/wp-json\/wp\/v2\/types\/post"}],"author":[{"embeddable":true,"href":"https:\/\/www.newsrecorder.ro\/app\/wp-json\/wp\/v2\/users\/4"}],"replies":[{"embeddable":true,"href":"https:\/\/www.newsrecorder.ro\/app\/wp-json\/wp\/v2\/comments?post=8524"}],"version-history":[{"count":0,"href":"https:\/\/www.newsrecorder.ro\/app\/wp-json\/wp\/v2\/posts\/8524\/revisions"}],"wp:featuredmedia":[{"embeddable":true,"href":"https:\/\/www.newsrecorder.ro\/app\/wp-json\/wp\/v2\/media\/8525"}],"wp:attachment":[{"href":"https:\/\/www.newsrecorder.ro\/app\/wp-json\/wp\/v2\/media?parent=8524"}],"wp:term":[{"taxonomy":"category","embeddable":true,"href":"https:\/\/www.newsrecorder.ro\/app\/wp-json\/wp\/v2\/categories?post=8524"},{"taxonomy":"post_tag","embeddable":true,"href":"https:\/\/www.newsrecorder.ro\/app\/wp-json\/wp\/v2\/tags?post=8524"}],"curies":[{"name":"wp","href":"https:\/\/api.w.org\/{rel}","templated":true}]}}