{"id":8526,"date":"2026-03-14T20:43:47","date_gmt":"2026-03-14T20:43:47","guid":{"rendered":"https:\/\/www.newsrecorder.ro\/app\/2026\/03\/14\/revizuire-surpriza-cresterea-economica-a-sua-in-cadere-libera\/"},"modified":"2026-03-14T20:43:47","modified_gmt":"2026-03-14T20:43:47","slug":"revizuire-surpriza-cresterea-economica-a-sua-in-cadere-libera","status":"publish","type":"post","link":"https:\/\/www.newsrecorder.ro\/app\/2026\/03\/14\/revizuire-surpriza-cresterea-economica-a-sua-in-cadere-libera\/","title":{"rendered":"Revizuire surpriz\u0103: Cre\u0219terea economic\u0103 a SUA, \u00een c\u0103dere liber\u0103!"},"content":{"rendered":"<p>Revizuirea recent\u0103 a datelor economice, care indic\u0103 o sc\u0103dere a activit\u0103\u021bii, a luat prin surprindere pie\u021bele, care se a\u0219teptau la o u\u0219oar\u0103 revizuire \u00een cre\u0219tere, conform consensului publicat de MarketWatch, conform <a href=\"https:\/\/www.lefigaro.fr\/conjoncture\/la-croissance-americaine-nettement-revue-a-la-baisse-au-dernier-trimestre-2025-20260313\" target=\"_blank\" rel=\"noopener\">Le Figaro<\/a>. Biroul de Analiz\u0103 Economic\u0103 (BEA), responsabil cu elaborarea raportului, a explicat c\u0103 nivelurile ini\u021biale estimate pentru exporturi, consum, investi\u021bii \u0219i cheltuieli guvernamentale au fost supraestimate.<\/p>\n<p>\u00cen Statele Unite, se pune accent pe rata anualizat\u0103, care reflect\u0103 modific\u0103rile observate \u00een cadrul unui trimestru pe parcursul \u00eentregului an.<\/p>\n<p>\u00cen acest context, fostul pre\u0219edinte Donald Trump a reac\u021bionat vehement, d\u00e2nd vina pe democra\u021bi pentru aceast\u0103 sc\u0103dere. Estimarea ini\u021bial\u0103, publicat\u0103 pe 20 februarie, a generat deja nelini\u0219te \u00een r\u00e2ndul sus\u021bin\u0103torilor s\u0103i, fiind semnificativ mai slab\u0103 comparativ cu performan\u021bele din cele dou\u0103 trimestre anterioare. Trump a utilizat platforma sa de socializare, Truth, pentru a critica opozi\u021bia democrat\u0103 chiar \u00eenainte de publicarea oficial\u0103 a raportului, argument\u00e2nd c\u0103 disputele legate de bugetul anual au dus la o \u00eenchidere a guvernului de lung\u0103 durat\u0103, cea mai extins\u0103 din istoria \u021b\u0103rii.<\/p>\n<p>Pe de alt\u0103 parte, Biroul de Analiz\u0103 Economic\u0103 a dezv\u0103luit \u0219i indicele infla\u021biei PCE pentru luna ianuarie. De\u0219i a \u00eenregistrat o u\u0219oar\u0103 \u00eencetinire, ajung\u00e2nd la 2,8% fa\u021b\u0103 de anul precedent (comparativ cu 2,9% \u00een decembrie), acesta r\u0103m\u00e2ne peste \u021binta stabilit\u0103 de Rezerva Federal\u0103 (Fed), care este de 2%. Aceast\u0103 situa\u021bie devine \u0219i mai relevant\u0103 av\u00e2nd \u00een vedere c\u0103 infla\u021bia de baz\u0103, ce exclude pre\u021burile volatile la energie \u0219i alimente, a crescut \u00een ianuarie, ating\u00e2nd 3,1% \u00een compara\u021bie cu 3% \u00een luna anterioar\u0103. Anali\u0219tii anticipeaz\u0103 ca infla\u021bia s\u0103 continue s\u0103 creasc\u0103, influen\u021bat\u0103 de efectele r\u0103zboiului din Orientul Mijlociu asupra pre\u021burilor la energie \u0219i costurilor de produc\u021bie.<\/p>\n","protected":false},"excerpt":{"rendered":"<p>Revizuirea recent\u0103 a datelor economice, care indic\u0103 o sc\u0103dere a activit\u0103\u021bii, a luat prin surprindere pie\u021bele, care se a\u0219teptau la o u\u0219oar\u0103 revizuire \u00een cre\u0219tere, conform consensului publicat de MarketWatch, conform Le Figaro. Biroul de Analiz\u0103 Economic\u0103 (BEA), responsabil cu elaborarea raportului, a explicat c\u0103 nivelurile ini\u021biale estimate pentru exporturi, consum, investi\u021bii \u0219i cheltuieli guvernamentale [&hellip;]<\/p>\n","protected":false},"author":4,"featured_media":8527,"comment_status":"open","ping_status":"open","sticky":false,"template":"","format":"standard","meta":{"jnews-multi-image_gallery":[],"jnews_single_post":[],"jnews_primary_category":[],"jnews_override_counter":[],"footnotes":""},"categories":[40],"tags":[11354,11122,31,5092,469,420,11050,701],"class_list":["post-8526","post","type-post","status-publish","format-standard","has-post-thumbnail","hentry","category-econonie","tag-bea","tag-cheltuieli-guvernamentale","tag-jnews_demo_donald-trump","tag-economice","tag-exporturi","tag-investitii","tag-piete","tag-scadere"],"_links":{"self":[{"href":"https:\/\/www.newsrecorder.ro\/app\/wp-json\/wp\/v2\/posts\/8526","targetHints":{"allow":["GET"]}}],"collection":[{"href":"https:\/\/www.newsrecorder.ro\/app\/wp-json\/wp\/v2\/posts"}],"about":[{"href":"https:\/\/www.newsrecorder.ro\/app\/wp-json\/wp\/v2\/types\/post"}],"author":[{"embeddable":true,"href":"https:\/\/www.newsrecorder.ro\/app\/wp-json\/wp\/v2\/users\/4"}],"replies":[{"embeddable":true,"href":"https:\/\/www.newsrecorder.ro\/app\/wp-json\/wp\/v2\/comments?post=8526"}],"version-history":[{"count":0,"href":"https:\/\/www.newsrecorder.ro\/app\/wp-json\/wp\/v2\/posts\/8526\/revisions"}],"wp:featuredmedia":[{"embeddable":true,"href":"https:\/\/www.newsrecorder.ro\/app\/wp-json\/wp\/v2\/media\/8527"}],"wp:attachment":[{"href":"https:\/\/www.newsrecorder.ro\/app\/wp-json\/wp\/v2\/media?parent=8526"}],"wp:term":[{"taxonomy":"category","embeddable":true,"href":"https:\/\/www.newsrecorder.ro\/app\/wp-json\/wp\/v2\/categories?post=8526"},{"taxonomy":"post_tag","embeddable":true,"href":"https:\/\/www.newsrecorder.ro\/app\/wp-json\/wp\/v2\/tags?post=8526"}],"curies":[{"name":"wp","href":"https:\/\/api.w.org\/{rel}","templated":true}]}}