{"id":8534,"date":"2026-03-14T23:26:37","date_gmt":"2026-03-14T23:26:37","guid":{"rendered":"https:\/\/www.newsrecorder.ro\/app\/2026\/03\/14\/casa-dinu-lipatti-renaste-sectorul-1-transforma-imobilul-in-centru-cultural\/"},"modified":"2026-03-14T23:26:37","modified_gmt":"2026-03-14T23:26:37","slug":"casa-dinu-lipatti-renaste-sectorul-1-transforma-imobilul-in-centru-cultural","status":"publish","type":"post","link":"https:\/\/www.newsrecorder.ro\/app\/2026\/03\/14\/casa-dinu-lipatti-renaste-sectorul-1-transforma-imobilul-in-centru-cultural\/","title":{"rendered":"Casa Dinu Lipatti rena\u0219te: Sectorul 1 transform\u0103 imobilul \u00een centru cultural!"},"content":{"rendered":"<p>Primul proiect semnificativ aprobat vizeaz\u0103 achizi\u021bia a dou\u0103 apartamente din Casa Memorial\u0103 Dinu Lipatti, situat\u0103 pe Bulevardul Lasc\u0103r Catargiu nr. 12. Aceste spa\u021bii vor fi transformate \u00eentr-un centru cultural deschis publicului, unde vor avea loc expozi\u021bii, concerte \u0219i evenimente educative. Aceast\u0103 ini\u021biativ\u0103 are ca scop valorificarea simbolic\u0103 a locului \u00een care marele pianist \u0219i compozitor Dinu Lipatti (1917\u20131950) \u0219i-a petrecut o parte din copil\u0103rie, conform unui comunicat emis de <a href=\"https:\/\/primariasector1.ro\/vot-favorabil-in-consiliul-general-proiectele-casalipatti-si-promenada-verde-intra-in-linie-dreapta\/?fbclid=IwY2xjawQh-ZBleHRuA2FlbQIxMABicmlkETA2N2pvWTZwQUN1dGRNOWFnc3J0YwZhcHBfaWQQMjIyMDM5MTc4ODIwMDg5MgABHqTq8mik_GcUMgmzaHQAphz-cfgUFrJ-y9Gxb2c3ERuH1NcOISHFYbLMVgLh_aem_laOk_lKz4VYKjRJxp-t9QA\" target=\"_blank\" rel=\"noopener\">Prim\u0103riei Sector 1<\/a>.<\/p>\n<p>Ini\u021biativa de a p\u0103stra acest spa\u021biu \u00een patrimoniul public a \u00eenceput \u00een martie 2025, iar aprobarea recent\u0103 reprezint\u0103 un pas esen\u021bial pentru asigurarea accesibilit\u0103\u021bii acestor imobile comunit\u0103\u021bii. \u00cen perioada urm\u0103toare, vor fi ini\u021biate procedurile de evaluare \u0219i achizi\u021bie a apartamentelor, cu finan\u021bare integral\u0103 din bugetul local al Sectorului 1.<\/p>\n<p>Un alt proiect deosebit aprobat recent este \u201ePromenada Verde\u201d, care se concentreaz\u0103 pe crearea unui spa\u021biu verde \u0219i de agrement pe malul Lacului Str\u0103ule\u0219ti. <strong>Consiliul General a dat und\u0103 verde achizi\u021biei mai multor imobile situate pe Bulevardul Bucure\u0219tii Noi nr. 245, ceea ce va permite amenajarea unei baze de agrement \u0219i a unor zone de relaxare pentru cet\u0103\u021benii sectorului.<\/strong><\/p>\n<p>Acest proiect ambi\u021bios \u00ee\u0219i propune s\u0103 ofere un mediu mai s\u0103n\u0103tos, cu aer curat \u0219i spa\u021bii pentru plimb\u0103ri \u0219i recreere, transform\u00e2nd malul Lacului Str\u0103ule\u0219ti \u00eentr-un loc prietenos \u0219i accesibil pentru toate v\u00e2rstele.<\/p>\n<p>Odat\u0103 finalizate tranzac\u021biile, at\u00e2t terenurile, c\u00e2t \u0219i cl\u0103dirile vor fi integrate \u00een domeniul public \u0219i gestionate de Prim\u0103ria Sectorului 1. Aceasta va consolida eforturile autorit\u0103\u021bilor locale de a combina protec\u021bia patrimoniului cultural cu dezvoltarea de spa\u021bii verzi destinate comunit\u0103\u021bii. Ambele proiecte vor beneficia de finan\u021bare din bugetul local al Sectorului 1, asigur\u00e2nd continuitatea investi\u021biilor \u00een infrastructura cultural\u0103 \u0219i de agrement.<\/p>\n<p>Astfel, dup\u0103 perioada tensionat\u0103 \u00een care Casa Lipatti s-a aflat \u00een executare silit\u0103, transformarea sa \u00eentr-un centru cultural accesibil tuturor, \u00eempreun\u0103 cu dezvoltarea \u201ePromenadei Verzi\u201d, reprezint\u0103 un pas concret spre protejarea patrimoniului \u0219i \u00eembun\u0103t\u0103\u021birea calit\u0103\u021bii vie\u021bii locuitorilor din Sectorul 1.<\/p>\n","protected":false},"excerpt":{"rendered":"<p>Primul proiect semnificativ aprobat vizeaz\u0103 achizi\u021bia a dou\u0103 apartamente din Casa Memorial\u0103 Dinu Lipatti, situat\u0103 pe Bulevardul Lasc\u0103r Catargiu nr. 12. Aceste spa\u021bii vor fi transformate \u00eentr-un centru cultural deschis publicului, unde vor avea loc expozi\u021bii, concerte \u0219i evenimente educative. Aceast\u0103 ini\u021biativ\u0103 are ca scop valorificarea simbolic\u0103 a locului \u00een care marele pianist \u0219i compozitor [&hellip;]<\/p>\n","protected":false},"author":7,"featured_media":8535,"comment_status":"open","ping_status":"open","sticky":false,"template":"","format":"standard","meta":{"jnews-multi-image_gallery":[],"jnews_single_post":[],"jnews_primary_category":[],"jnews_override_counter":[],"footnotes":""},"categories":[43],"tags":[11367,11369,11370,11368,11371,6169,11372,6071],"class_list":["post-8534","post","type-post","status-publish","format-standard","has-post-thumbnail","hentry","category-cultura","tag-casa-memoriala","tag-centru-cultural","tag-concerte","tag-dinu-lipatti","tag-evenimente-educative","tag-expozitii","tag-patrimoniu-public","tag-sector-1"],"_links":{"self":[{"href":"https:\/\/www.newsrecorder.ro\/app\/wp-json\/wp\/v2\/posts\/8534","targetHints":{"allow":["GET"]}}],"collection":[{"href":"https:\/\/www.newsrecorder.ro\/app\/wp-json\/wp\/v2\/posts"}],"about":[{"href":"https:\/\/www.newsrecorder.ro\/app\/wp-json\/wp\/v2\/types\/post"}],"author":[{"embeddable":true,"href":"https:\/\/www.newsrecorder.ro\/app\/wp-json\/wp\/v2\/users\/7"}],"replies":[{"embeddable":true,"href":"https:\/\/www.newsrecorder.ro\/app\/wp-json\/wp\/v2\/comments?post=8534"}],"version-history":[{"count":0,"href":"https:\/\/www.newsrecorder.ro\/app\/wp-json\/wp\/v2\/posts\/8534\/revisions"}],"wp:featuredmedia":[{"embeddable":true,"href":"https:\/\/www.newsrecorder.ro\/app\/wp-json\/wp\/v2\/media\/8535"}],"wp:attachment":[{"href":"https:\/\/www.newsrecorder.ro\/app\/wp-json\/wp\/v2\/media?parent=8534"}],"wp:term":[{"taxonomy":"category","embeddable":true,"href":"https:\/\/www.newsrecorder.ro\/app\/wp-json\/wp\/v2\/categories?post=8534"},{"taxonomy":"post_tag","embeddable":true,"href":"https:\/\/www.newsrecorder.ro\/app\/wp-json\/wp\/v2\/tags?post=8534"}],"curies":[{"name":"wp","href":"https:\/\/api.w.org\/{rel}","templated":true}]}}