{"id":8536,"date":"2026-03-14T23:26:50","date_gmt":"2026-03-14T23:26:50","guid":{"rendered":"https:\/\/www.newsrecorder.ro\/app\/2026\/03\/14\/ciprian-ciucu-isi-dezvaluie-gandurile-despre-candidatura-la-presedintie\/"},"modified":"2026-03-14T23:26:50","modified_gmt":"2026-03-14T23:26:50","slug":"ciprian-ciucu-isi-dezvaluie-gandurile-despre-candidatura-la-presedintie","status":"publish","type":"post","link":"https:\/\/www.newsrecorder.ro\/app\/2026\/03\/14\/ciprian-ciucu-isi-dezvaluie-gandurile-despre-candidatura-la-presedintie\/","title":{"rendered":"Ciprian Ciucu \u00ee\u0219i dezv\u0103luie g\u00e2ndurile despre candidatura la Pre\u0219edin\u021bie!"},"content":{"rendered":"<p>\u00centrebat despre posibilele sale ambi\u021bii de a candida la func\u021bia de pre\u0219edinte al Rom\u00e2niei, primarul general Nicu\u0219or Ciucu a declarat c\u0103 prioritatea sa principal\u0103 este s\u0103 demonstreze c\u0103 merit\u0103 s\u0103 ob\u021bin\u0103 un nou mandat \u00een fruntea Capitalei. \u201e\u00cen primul r\u00e2nd, trebuie s\u0103 dovedesc c\u0103 merit s\u0103 r\u0103m\u00e2n primar general\u201d, a afirmat el \u00een cadrul unei emisiuni difuzate de Digi24.<\/p>\n<p>Edilul a subliniat c\u0103 urm\u0103torii doi ani se anun\u021b\u0103 a fi dificili pentru administra\u021bia Bucure\u0219tiului. \u201eMai am doi ani \u0219i vor fi doi ani grei. Ne confrunt\u0103m cu probleme bugetare uria\u0219e. Exist\u0103 reforme \u0219i proiecte care trebuie implementate\u201d, a explicat Ciucu.<\/p>\n<p>Primarul a ad\u0103ugat c\u0103 prefer\u0103 s\u0103 ocupe func\u021bii executive, din care s\u0103 se poat\u0103 realiza rezultate vizibile \u0219i palpabile, mai degrab\u0103 dec\u00e2t roluri de reprezentare. \u201eEvident, este o onoare pentru oricine s\u0103 fie pre\u0219edinte\u201d, a continuat el.<\/p>\n<p>\u00cen ceea ce prive\u0219te o eventual\u0103 candidatur\u0103 la alegerile preziden\u021biale, Ciucu a fost evasiv. \u201eEste mult p\u00e2n\u0103 acolo. Nu \u0219tiu ce context va exista, poate nu voi avea de ales\u201d, a declarat el.<\/p>\n<p>Ciucu a reiterat dorin\u021ba de a r\u0103m\u00e2ne la conducerea ora\u0219ului pentru \u00eenc\u0103 dou\u0103 mandate. \u201e\u00cemi doresc \u00eenc\u0103 dou\u0103 mandate de primar, deoarece aceste lucruri necesit\u0103 un ciclu de zece ani pentru a se transforma cu adev\u0103rat. \u00cen urm\u0103torii doi ani, poate vom reu\u0219i s\u0103 rezolv\u0103m c\u00e2teva dintre problemele bugetare cu care ne confrunt\u0103m\u201d, a conchis primarul.<\/p>\n","protected":false},"excerpt":{"rendered":"<p>\u00centrebat despre posibilele sale ambi\u021bii de a candida la func\u021bia de pre\u0219edinte al Rom\u00e2niei, primarul general Nicu\u0219or Ciucu a declarat c\u0103 prioritatea sa principal\u0103 este s\u0103 demonstreze c\u0103 merit\u0103 s\u0103 ob\u021bin\u0103 un nou mandat \u00een fruntea Capitalei. \u201e\u00cen primul r\u00e2nd, trebuie s\u0103 dovedesc c\u0103 merit s\u0103 r\u0103m\u00e2n primar general\u201d, a afirmat el \u00een cadrul unei [&hellip;]<\/p>\n","protected":false},"author":2,"featured_media":8537,"comment_status":"open","ping_status":"open","sticky":false,"template":"","format":"standard","meta":{"jnews-multi-image_gallery":[],"jnews_single_post":[],"jnews_primary_category":[],"jnews_override_counter":[],"footnotes":""},"categories":[42],"tags":[1360,1068,3434,11373,1987,5714,187,1057],"class_list":["post-8536","post","type-post","status-publish","format-standard","has-post-thumbnail","hentry","category-politica","tag-administratie","tag-buget","tag-candidatura","tag-nicusor-ciucu","tag-presedintie","tag-primar-general","tag-proiecte","tag-reforme"],"_links":{"self":[{"href":"https:\/\/www.newsrecorder.ro\/app\/wp-json\/wp\/v2\/posts\/8536","targetHints":{"allow":["GET"]}}],"collection":[{"href":"https:\/\/www.newsrecorder.ro\/app\/wp-json\/wp\/v2\/posts"}],"about":[{"href":"https:\/\/www.newsrecorder.ro\/app\/wp-json\/wp\/v2\/types\/post"}],"author":[{"embeddable":true,"href":"https:\/\/www.newsrecorder.ro\/app\/wp-json\/wp\/v2\/users\/2"}],"replies":[{"embeddable":true,"href":"https:\/\/www.newsrecorder.ro\/app\/wp-json\/wp\/v2\/comments?post=8536"}],"version-history":[{"count":0,"href":"https:\/\/www.newsrecorder.ro\/app\/wp-json\/wp\/v2\/posts\/8536\/revisions"}],"wp:featuredmedia":[{"embeddable":true,"href":"https:\/\/www.newsrecorder.ro\/app\/wp-json\/wp\/v2\/media\/8537"}],"wp:attachment":[{"href":"https:\/\/www.newsrecorder.ro\/app\/wp-json\/wp\/v2\/media?parent=8536"}],"wp:term":[{"taxonomy":"category","embeddable":true,"href":"https:\/\/www.newsrecorder.ro\/app\/wp-json\/wp\/v2\/categories?post=8536"},{"taxonomy":"post_tag","embeddable":true,"href":"https:\/\/www.newsrecorder.ro\/app\/wp-json\/wp\/v2\/tags?post=8536"}],"curies":[{"name":"wp","href":"https:\/\/api.w.org\/{rel}","templated":true}]}}