{"id":8546,"date":"2026-03-15T02:43:40","date_gmt":"2026-03-15T02:43:40","guid":{"rendered":"https:\/\/www.newsrecorder.ro\/app\/2026\/03\/15\/trump-sugereaza-ca-noul-lider-suprem-al-iranului-ar-putea-fi-decedat\/"},"modified":"2026-03-15T02:43:40","modified_gmt":"2026-03-15T02:43:40","slug":"trump-sugereaza-ca-noul-lider-suprem-al-iranului-ar-putea-fi-decedat","status":"publish","type":"post","link":"https:\/\/www.newsrecorder.ro\/app\/2026\/03\/15\/trump-sugereaza-ca-noul-lider-suprem-al-iranului-ar-putea-fi-decedat\/","title":{"rendered":"Trump sugereaz\u0103 c\u0103 noul lider suprem al Iranului ar putea fi decedat!"},"content":{"rendered":"<p>\u00centr-un interviu recent cu NBC News, fostul pre\u0219edinte Donald Trump a exprimat \u00eengrijor\u0103ri cu privire la starea de s\u0103n\u0103tate a liderului suprem al Iranului. El a declarat: \u201eNu \u0219tiu dac\u0103 mai este \u00een via\u021b\u0103. P\u00e2n\u0103 acum, nimeni nu a reu\u0219it s\u0103-l arate\u2026 Singura dovad\u0103 a fost citirea unei a\u0219a-zise declara\u021bii din partea lui. Am auzit zvonuri c\u0103 nu mai este \u00een via\u021b\u0103, iar dac\u0103 este, ar trebui s\u0103 fac\u0103 un gest inteligent pentru \u021bara sa: s\u0103 se predea&#8230; Unii cred c\u0103 este \u00een via\u021b\u0103, dar grav r\u0103nit\u201d, a afirmat Trump.<\/p>\n<p>Aceast\u0103 declara\u021bie a venit la scurt timp dup\u0103 ce Pete Hegseth, secretarul de r\u0103zboi, a sugerat c\u0103 liderul iranian ar putea fi \u201edesfigurat\u201d din cauza r\u0103nilor suferite \u00een urma atacurilor americano-israeliene.<\/p>\n<p>Trump a ad\u0103ugat c\u0103 se a\u0219teapt\u0103 ca alte na\u021biuni s\u0103 intervin\u0103 pentru a asigura securitatea Str\u00e2mtorii Ormuz, \u00eens\u0103 a evitat s\u0103 precizeze care ar fi acestea. \u201eNu vreau s\u0103 numesc \u021b\u0103rile respective, dar pute\u021bi s\u0103 ghici\u021bi. Cred c\u0103 vor exista na\u021biuni care v-ar putea surprinde \u0219i ar putea fi altele dec\u00e2t cele pe care le-am men\u021bionat\u201d, a declarat fostul pre\u0219edinte.<\/p>\n<p>Anterior, Trump a postat pe re\u021belele de socializare, exprim\u00e2ndu-\u0219i convingerea c\u0103 \u201emulte \u021b\u0103ri\u201d vor trimite nave de r\u0103zboi pentru a men\u021bine deschis\u0103 aceast\u0103 rut\u0103 navigabil\u0103 crucial\u0103, men\u021bion\u00e2nd \u00een special Marea Britanie, China, Fran\u021ba, Japonia, Coreea de Sud \u0219i \u201ealte state\u201d care ar putea s\u0103 se al\u0103ture eforturilor.<\/p>\n","protected":false},"excerpt":{"rendered":"<p>\u00centr-un interviu recent cu NBC News, fostul pre\u0219edinte Donald Trump a exprimat \u00eengrijor\u0103ri cu privire la starea de s\u0103n\u0103tate a liderului suprem al Iranului. El a declarat: \u201eNu \u0219tiu dac\u0103 mai este \u00een via\u021b\u0103. P\u00e2n\u0103 acum, nimeni nu a reu\u0219it s\u0103-l arate\u2026 Singura dovad\u0103 a fost citirea unei a\u0219a-zise declara\u021bii din partea lui. Am auzit [&hellip;]<\/p>\n","protected":false},"author":2,"featured_media":8547,"comment_status":"open","ping_status":"open","sticky":false,"template":"","format":"standard","meta":{"jnews-multi-image_gallery":[],"jnews_single_post":[],"jnews_primary_category":[],"jnews_override_counter":[],"footnotes":""},"categories":[41],"tags":[8775,31,913,8719,551,874,8772,11383],"class_list":["post-8546","post","type-post","status-publish","format-standard","has-post-thumbnail","hentry","category-externe","tag-atacuri-americano-israeliene","tag-jnews_demo_donald-trump","tag-iran","tag-lider-suprem","tag-sanatate","tag-securitate","tag-stramtoarea-ormuz","tag-zvonuri"],"_links":{"self":[{"href":"https:\/\/www.newsrecorder.ro\/app\/wp-json\/wp\/v2\/posts\/8546","targetHints":{"allow":["GET"]}}],"collection":[{"href":"https:\/\/www.newsrecorder.ro\/app\/wp-json\/wp\/v2\/posts"}],"about":[{"href":"https:\/\/www.newsrecorder.ro\/app\/wp-json\/wp\/v2\/types\/post"}],"author":[{"embeddable":true,"href":"https:\/\/www.newsrecorder.ro\/app\/wp-json\/wp\/v2\/users\/2"}],"replies":[{"embeddable":true,"href":"https:\/\/www.newsrecorder.ro\/app\/wp-json\/wp\/v2\/comments?post=8546"}],"version-history":[{"count":0,"href":"https:\/\/www.newsrecorder.ro\/app\/wp-json\/wp\/v2\/posts\/8546\/revisions"}],"wp:featuredmedia":[{"embeddable":true,"href":"https:\/\/www.newsrecorder.ro\/app\/wp-json\/wp\/v2\/media\/8547"}],"wp:attachment":[{"href":"https:\/\/www.newsrecorder.ro\/app\/wp-json\/wp\/v2\/media?parent=8546"}],"wp:term":[{"taxonomy":"category","embeddable":true,"href":"https:\/\/www.newsrecorder.ro\/app\/wp-json\/wp\/v2\/categories?post=8546"},{"taxonomy":"post_tag","embeddable":true,"href":"https:\/\/www.newsrecorder.ro\/app\/wp-json\/wp\/v2\/tags?post=8546"}],"curies":[{"name":"wp","href":"https:\/\/api.w.org\/{rel}","templated":true}]}}