{"id":8562,"date":"2026-03-15T05:11:25","date_gmt":"2026-03-15T05:11:25","guid":{"rendered":"https:\/\/www.newsrecorder.ro\/app\/2026\/03\/15\/kopic-da-cartile-pe-fata-arbitrajul-ignora-dinamo\/"},"modified":"2026-03-15T05:11:25","modified_gmt":"2026-03-15T05:11:25","slug":"kopic-da-cartile-pe-fata-arbitrajul-ignora-dinamo","status":"publish","type":"post","link":"https:\/\/www.newsrecorder.ro\/app\/2026\/03\/15\/kopic-da-cartile-pe-fata-arbitrajul-ignora-dinamo\/","title":{"rendered":"Kopic d\u0103 c\u0103r\u021bile pe fa\u021b\u0103: &#8222;Arbitrajul ignor\u0103 Dinamo!&#8221;"},"content":{"rendered":"<p>Tehnicianul echipei Dinamo, la conferin\u021ba de pres\u0103 care a avut loc dup\u0103 un meci extrem de tensionat, a subliniat c\u0103 o decizie luat\u0103 de arbitrul Istvan Kovacs a avut un impact decisiv asupra desf\u0103\u0219ur\u0103rii partidei. \u00cen plus, el a exprimat nemul\u021bumirea fa\u021b\u0103 de lipsa unei explica\u021bii din partea oficialului.<\/p>\n<p>\u201eDin punctul meu de vedere, o decizie a schimbat meciul. Asta simt \u0219i asta cred. Arbitrul nu mi-a oferit nicio explica\u021bie. Recent, am fost la Federa\u021bie \u0219i ne-am \u00eent\u00e2lnit cu domnul Vassaras, unde am exprimat sentimentul meu ca antrenor: Dinamo este un club care nu beneficiaz\u0103 de respect din partea arbitrilor. Aceasta a fost \u0219i impresia mea \u00een timpul meciului de ast\u0103zi\u201d, a declarat Kopic.<\/p>\n<p>\u00cen ceea ce prive\u0219te golul egalizator marcat de Claudiu Petrila \u00een minutul 67, Kopic a men\u021bionat c\u0103 acesta ar fi trebuit anulat, deoarece a fost precedat de un fault comis de Andrei Borza asupra lui Alexandru Musi.<\/p>\n<p>Antrenorul a subliniat c\u0103 acel moment a avut un impact semnificativ asupra echipei sale, care se afla \u00een avantaj \u00een acel moment. De asemenea, el a vorbit despre frustrarea resim\u021bit\u0103 \u00een vestiar dup\u0103 fluierul final.<\/p>\n<p>\u201eO parte a campionatului s-a \u00eencheiat, iar acum a \u00eenceput o nou\u0103 etap\u0103. Este esen\u021bial cum \u00eencepem play-off-ul. Vom continua s\u0103 lupt\u0103m, dar \u00eenceputul este crucial. Nivelul de frustrare al juc\u0103torilor mei este foarte ridicat acum. Nu putem anticipa care ar fi fost rezultatul final, dar acea gre\u0219eal\u0103 a schimbat meciul. La acea faz\u0103, aveam 3 puncte \u00een buzunar\u201d, a explicat Kopic.<\/p>\n<p>El a ad\u0103ugat c\u0103, \u00een ciuda problemelor cu care se confrunt\u0103 echipa, Dinamo merita mai mult din aceast\u0103 confruntare. \u201eNu am ascuns faptul c\u0103 avem dificult\u0103\u021bi, dar echipa a jucat, a muncit \u0219i a luptat, iar rezultatul ar fi trebuit s\u0103 reflecte asta. Acum, totul s-a schimbat pentru mine, pentru juc\u0103tori, pentru suporteri, pentru toat\u0103 lumea. Frustrarea este mare. Trebuie s\u0103 dep\u0103\u0219im acest moment. Vom lupta p\u00e2n\u0103 la final, dar o asemenea situa\u021bie nu este normal\u0103\u201d, a mai spus antrenorul.<\/p>\n<p>\u00cen meciul disputat, Rapid Bucure\u0219ti a \u00eenvins cu 3-2 pe teren propriu, \u00een Giule\u0219ti, \u0219i a urcat pe prima pozi\u021bie \u00een clasamentul Superligii. Dinamo a deschis scorul de dou\u0103 ori, prin Daniel Armstrong, din penalty, \u00een minutul 9, \u0219i C\u0103t\u0103lin C\u00eerjan, \u00een minutul 47. Rapid a revenit de fiecare dat\u0103, c\u00e2\u0219tig\u00e2nd prin golurile marcate de Constantin Grameni (38), Claudiu Petrila (67) \u0219i C\u0103t\u0103lin Vulturar (85).<\/p>\n","protected":false},"excerpt":{"rendered":"<p>Tehnicianul echipei Dinamo, la conferin\u021ba de pres\u0103 care a avut loc dup\u0103 un meci extrem de tensionat, a subliniat c\u0103 o decizie luat\u0103 de arbitrul Istvan Kovacs a avut un impact decisiv asupra desf\u0103\u0219ur\u0103rii partidei. \u00cen plus, el a exprimat nemul\u021bumirea fa\u021b\u0103 de lipsa unei explica\u021bii din partea oficialului. \u201eDin punctul meu de vedere, o [&hellip;]<\/p>\n","protected":false},"author":6,"featured_media":8563,"comment_status":"open","ping_status":"open","sticky":false,"template":"","format":"standard","meta":{"jnews-multi-image_gallery":[],"jnews_single_post":[],"jnews_primary_category":[],"jnews_override_counter":[],"footnotes":""},"categories":[46],"tags":[1240,11400,678,1577,11399,7147,3582,11398],"class_list":["post-8562","post","type-post","status-publish","format-standard","has-post-thumbnail","hentry","category-sport","tag-arbitraj","tag-claudiu-petrila","tag-conferinta-de-presa","tag-dinamo","tag-fault","tag-istvan-kovacs","tag-nemultumire","tag-tehnician"],"_links":{"self":[{"href":"https:\/\/www.newsrecorder.ro\/app\/wp-json\/wp\/v2\/posts\/8562","targetHints":{"allow":["GET"]}}],"collection":[{"href":"https:\/\/www.newsrecorder.ro\/app\/wp-json\/wp\/v2\/posts"}],"about":[{"href":"https:\/\/www.newsrecorder.ro\/app\/wp-json\/wp\/v2\/types\/post"}],"author":[{"embeddable":true,"href":"https:\/\/www.newsrecorder.ro\/app\/wp-json\/wp\/v2\/users\/6"}],"replies":[{"embeddable":true,"href":"https:\/\/www.newsrecorder.ro\/app\/wp-json\/wp\/v2\/comments?post=8562"}],"version-history":[{"count":0,"href":"https:\/\/www.newsrecorder.ro\/app\/wp-json\/wp\/v2\/posts\/8562\/revisions"}],"wp:featuredmedia":[{"embeddable":true,"href":"https:\/\/www.newsrecorder.ro\/app\/wp-json\/wp\/v2\/media\/8563"}],"wp:attachment":[{"href":"https:\/\/www.newsrecorder.ro\/app\/wp-json\/wp\/v2\/media?parent=8562"}],"wp:term":[{"taxonomy":"category","embeddable":true,"href":"https:\/\/www.newsrecorder.ro\/app\/wp-json\/wp\/v2\/categories?post=8562"},{"taxonomy":"post_tag","embeddable":true,"href":"https:\/\/www.newsrecorder.ro\/app\/wp-json\/wp\/v2\/tags?post=8562"}],"curies":[{"name":"wp","href":"https:\/\/api.w.org\/{rel}","templated":true}]}}