{"id":8566,"date":"2026-03-15T05:11:48","date_gmt":"2026-03-15T05:11:48","guid":{"rendered":"https:\/\/www.newsrecorder.ro\/app\/2026\/03\/15\/laszlo-balint-isi-da-demisia-soc-la-otelul-galati\/"},"modified":"2026-03-15T05:11:48","modified_gmt":"2026-03-15T05:11:48","slug":"laszlo-balint-isi-da-demisia-soc-la-otelul-galati","status":"publish","type":"post","link":"https:\/\/www.newsrecorder.ro\/app\/2026\/03\/15\/laszlo-balint-isi-da-demisia-soc-la-otelul-galati\/","title":{"rendered":"Laszlo Balint \u00ee\u0219i d\u0103 demisia, \u0219oc la O\u021belul Gala\u021bi!"},"content":{"rendered":"<p>\u00cen cadrul unei conferin\u021be de pres\u0103 emo\u021bionante, Laszlo Balint a anun\u021bat c\u0103 meciul din aceast\u0103 sear\u0103 a fost ultimul s\u0103u ca antrenor al echipei O\u021belul Gala\u021bi. \u201eEste o decizie pe care am luat-o \u00een mod definitiv. Chiar dac\u0103 s\u0103pt\u0103m\u00e2na trecut\u0103 v-am spus c\u0103 sunt un lupt\u0103tor, \u0219i a\u0219a este, simt c\u0103 echipa are nevoie de o schimbare de energie \u00een conducerea sa\u201d, a declarat Balint.<\/p>\n<p>El a subliniat c\u0103, \u00een acest moment, unii dintre juc\u0103tori par a fi bloca\u021bi, iar echipa se confrunt\u0103 cu o lips\u0103 de \u00eencredere. \u201eCred c\u0103 aceast\u0103 schimbare de energie, poate \u0219i de metodologie, ar putea reda \u00eencrederea echipei \u0219i le-ar oferi un nou impuls\u201d, a ad\u0103ugat antrenorul.<\/p>\n<p>Balint \u0219i-a asumat responsabilitatea pentru situa\u021bia echipei, afirm\u00e2nd: \u201eCu siguran\u021b\u0103, \u0219i eu am partea mea de vin\u0103, la fel \u0219i stafful meu, dar consider c\u0103 vina este \u00eemp\u0103r\u021bit\u0103. Am luat aceast\u0103 decizie de unul singur, am informat at\u00e2t conducerea, c\u00e2t \u0219i vestiarul. Acum, tot ce r\u0103m\u00e2ne este s\u0103 confirm\u0103m aceast\u0103 decizie prin semnarea documentelor.\u201d<\/p>\n<p>\u00cen ultima sa partid\u0103, O\u021belul Gala\u021bi a suferit o <a style=\"color: #0000ff\" href=\"https:\/\/www.mediafax.ro\/sport\/otelul-galati-pierde-acasa-cu-csikszereda-scor-2-3-in-prima-etapa-din-play-out-23703064\" target=\"_blank\" rel=\"noopener\">\u00eenfr\u00e2ngere<\/a> pe teren propriu, \u00een fa\u021ba celor de la FK Csikszereda, cu scorul de 2-3, \u00een prima etap\u0103 a play-out-ului din Superliga. Aceast\u0103 \u00eenfr\u00e2ngere a venit ca o confirmare a dificult\u0103\u021bilor \u00eent\u00e2mpinate de echip\u0103 \u00een ultimele s\u0103pt\u0103m\u00e2ni. Balint sper\u0103 c\u0103 o nou\u0103 conducere va putea revitaliza echipa \u0219i va aduce rezultatele dorite. <\/p>\n","protected":false},"excerpt":{"rendered":"<p>\u00cen cadrul unei conferin\u021be de pres\u0103 emo\u021bionante, Laszlo Balint a anun\u021bat c\u0103 meciul din aceast\u0103 sear\u0103 a fost ultimul s\u0103u ca antrenor al echipei O\u021belul Gala\u021bi. \u201eEste o decizie pe care am luat-o \u00een mod definitiv. Chiar dac\u0103 s\u0103pt\u0103m\u00e2na trecut\u0103 v-am spus c\u0103 sunt un lupt\u0103tor, \u0219i a\u0219a este, simt c\u0103 echipa are nevoie de [&hellip;]<\/p>\n","protected":false},"author":6,"featured_media":8567,"comment_status":"open","ping_status":"open","sticky":false,"template":"","format":"standard","meta":{"jnews-multi-image_gallery":[],"jnews_single_post":[],"jnews_primary_category":[],"jnews_override_counter":[],"footnotes":""},"categories":[46],"tags":[838,678,82,210,11403,2554,319,11404],"class_list":["post-8566","post","type-post","status-publish","format-standard","has-post-thumbnail","hentry","category-sport","tag-antrenor","tag-conferinta-de-presa","tag-echipa","tag-incredere","tag-laszlo-balint","tag-otelul-galati","tag-responsabilitate","tag-schimbare-de-energie"],"_links":{"self":[{"href":"https:\/\/www.newsrecorder.ro\/app\/wp-json\/wp\/v2\/posts\/8566","targetHints":{"allow":["GET"]}}],"collection":[{"href":"https:\/\/www.newsrecorder.ro\/app\/wp-json\/wp\/v2\/posts"}],"about":[{"href":"https:\/\/www.newsrecorder.ro\/app\/wp-json\/wp\/v2\/types\/post"}],"author":[{"embeddable":true,"href":"https:\/\/www.newsrecorder.ro\/app\/wp-json\/wp\/v2\/users\/6"}],"replies":[{"embeddable":true,"href":"https:\/\/www.newsrecorder.ro\/app\/wp-json\/wp\/v2\/comments?post=8566"}],"version-history":[{"count":0,"href":"https:\/\/www.newsrecorder.ro\/app\/wp-json\/wp\/v2\/posts\/8566\/revisions"}],"wp:featuredmedia":[{"embeddable":true,"href":"https:\/\/www.newsrecorder.ro\/app\/wp-json\/wp\/v2\/media\/8567"}],"wp:attachment":[{"href":"https:\/\/www.newsrecorder.ro\/app\/wp-json\/wp\/v2\/media?parent=8566"}],"wp:term":[{"taxonomy":"category","embeddable":true,"href":"https:\/\/www.newsrecorder.ro\/app\/wp-json\/wp\/v2\/categories?post=8566"},{"taxonomy":"post_tag","embeddable":true,"href":"https:\/\/www.newsrecorder.ro\/app\/wp-json\/wp\/v2\/tags?post=8566"}],"curies":[{"name":"wp","href":"https:\/\/api.w.org\/{rel}","templated":true}]}}