{"id":8572,"date":"2026-03-15T05:12:32","date_gmt":"2026-03-15T05:12:32","guid":{"rendered":"https:\/\/www.newsrecorder.ro\/app\/2026\/03\/15\/inter-pas-gresit-in-serie-a-remiza-cu-atalanta-si-eliminarea-lui-chivu\/"},"modified":"2026-03-15T05:12:32","modified_gmt":"2026-03-15T05:12:32","slug":"inter-pas-gresit-in-serie-a-remiza-cu-atalanta-si-eliminarea-lui-chivu","status":"publish","type":"post","link":"https:\/\/www.newsrecorder.ro\/app\/2026\/03\/15\/inter-pas-gresit-in-serie-a-remiza-cu-atalanta-si-eliminarea-lui-chivu\/","title":{"rendered":"Inter, pas gre\u0219it \u00een Serie A: Remiz\u0103 cu Atalanta \u0219i eliminarea lui Chivu!"},"content":{"rendered":"<p>\u00cen minutul 26, gazdele au deschis scorul prin Pio Esposito, oferind astfel un start promi\u021b\u0103tor meciului. Inter Milano p\u0103rea c\u0103 se \u00eendreapt\u0103 spre o victorie care le-ar fi consolidat avantajul \u00een clasament fa\u021b\u0103 de rivala AC Milan, echipa de pe locul secund.<\/p>\n<p>Totu\u0219i, drama s-a desf\u0103\u0219urat \u00een minutul 82, c\u00e2nd Atalanta a reu\u0219it s\u0103 egaleze prin Nikola Krstovic. Aceast\u0103 faz\u0103 a st\u00e2rnit proteste vehemente din partea juc\u0103torilor \u0219i a antrenorului Inter, Cristian Chivu, care au reclamat un fault asupra lui Denzel Dumfries \u00eenainte de golul marcat. Cu toate acestea, arbitrul a validat reu\u0219ita Atalantei, provoc\u00e2nd o intensificare a tensiunii pe teren.<\/p>\n<p>\u00cen urma protestelor, Chivu a fost eliminat, ceea ce a ad\u0103ugat un alt strat de dramatism acestui meci deja intens.<\/p>\n<p>Remiza ob\u021binut\u0103 de Inter vine la o s\u0103pt\u0103m\u00e2n\u0103 dup\u0103 ce AC Milan a reu\u0219it s\u0103 \u00eenving\u0103 echipa din Milano \u00een Derby della Madonnina, ceea ce face ca situa\u021bia din clasament s\u0103 devin\u0103 \u0219i mai interesant\u0103. Acum, AC Milan are ocazia de a se apropia la cinci puncte de Inter, av\u00e2nd o confruntare programat\u0103 duminic\u0103 seara \u00een deplasare cu Lazio.<\/p>\n<p>Pentru Atalanta, acest punct este cu at\u00e2t mai valoros, av\u00e2nd \u00een vedere \u00eenfr\u00e2ngerea sever\u0103 suferit\u0103 \u00een Liga Campionilor, \u00een fa\u021ba lui Bayern M\u00fcnchen, cu 1-6. Echipa a reu\u0219it astfel s\u0103 \u00ee\u0219i redreseze moralul \u0219i s\u0103 ob\u021bin\u0103 un rezultat favorabil \u00een campionat.<\/p>\n","protected":false},"excerpt":{"rendered":"<p>\u00cen minutul 26, gazdele au deschis scorul prin Pio Esposito, oferind astfel un start promi\u021b\u0103tor meciului. Inter Milano p\u0103rea c\u0103 se \u00eendreapt\u0103 spre o victorie care le-ar fi consolidat avantajul \u00een clasament fa\u021b\u0103 de rivala AC Milan, echipa de pe locul secund. Totu\u0219i, drama s-a desf\u0103\u0219urat \u00een minutul 82, c\u00e2nd Atalanta a reu\u0219it s\u0103 egaleze [&hellip;]<\/p>\n","protected":false},"author":6,"featured_media":8573,"comment_status":"open","ping_status":"open","sticky":false,"template":"","format":"standard","meta":{"jnews-multi-image_gallery":[],"jnews_single_post":[],"jnews_primary_category":[],"jnews_override_counter":[],"footnotes":""},"categories":[46],"tags":[2773,8001,50,835,11411,837,11410,11409],"class_list":["post-8572","post","type-post","status-publish","format-standard","has-post-thumbnail","hentry","category-sport","tag-ac-milan","tag-atalanta","tag-clasament","tag-cristian-chivu","tag-derby-della-madonnina","tag-inter-milano","tag-nikola-krstovic","tag-pio-esposito"],"_links":{"self":[{"href":"https:\/\/www.newsrecorder.ro\/app\/wp-json\/wp\/v2\/posts\/8572","targetHints":{"allow":["GET"]}}],"collection":[{"href":"https:\/\/www.newsrecorder.ro\/app\/wp-json\/wp\/v2\/posts"}],"about":[{"href":"https:\/\/www.newsrecorder.ro\/app\/wp-json\/wp\/v2\/types\/post"}],"author":[{"embeddable":true,"href":"https:\/\/www.newsrecorder.ro\/app\/wp-json\/wp\/v2\/users\/6"}],"replies":[{"embeddable":true,"href":"https:\/\/www.newsrecorder.ro\/app\/wp-json\/wp\/v2\/comments?post=8572"}],"version-history":[{"count":0,"href":"https:\/\/www.newsrecorder.ro\/app\/wp-json\/wp\/v2\/posts\/8572\/revisions"}],"wp:featuredmedia":[{"embeddable":true,"href":"https:\/\/www.newsrecorder.ro\/app\/wp-json\/wp\/v2\/media\/8573"}],"wp:attachment":[{"href":"https:\/\/www.newsrecorder.ro\/app\/wp-json\/wp\/v2\/media?parent=8572"}],"wp:term":[{"taxonomy":"category","embeddable":true,"href":"https:\/\/www.newsrecorder.ro\/app\/wp-json\/wp\/v2\/categories?post=8572"},{"taxonomy":"post_tag","embeddable":true,"href":"https:\/\/www.newsrecorder.ro\/app\/wp-json\/wp\/v2\/tags?post=8572"}],"curies":[{"name":"wp","href":"https:\/\/api.w.org\/{rel}","templated":true}]}}