{"id":8594,"date":"2026-03-15T11:57:27","date_gmt":"2026-03-15T11:57:27","guid":{"rendered":"https:\/\/www.newsrecorder.ro\/app\/2026\/03\/15\/orban-si-magyar-se-dueleaza-in-marsuri-uriase-la-budapesta\/"},"modified":"2026-03-15T11:57:27","modified_gmt":"2026-03-15T11:57:27","slug":"orban-si-magyar-se-dueleaza-in-marsuri-uriase-la-budapesta","status":"publish","type":"post","link":"https:\/\/www.newsrecorder.ro\/app\/2026\/03\/15\/orban-si-magyar-se-dueleaza-in-marsuri-uriase-la-budapesta\/","title":{"rendered":"Orban \u0219i Magyar se dueleaz\u0103 \u00een mar\u0219uri uria\u0219e la Budapesta!"},"content":{"rendered":"<p>\u00cen data de 15 martie, an electoral, partidele au oportunitatea perfect\u0103 de a-\u0219i demonstra for\u021ba \u0219i a mobiliza sus\u021bin\u0103torii. Anul acesta nu face excep\u021bie, conform unui <strong><a style=\"color: #ff0000\" href=\"https:\/\/444.hu\/2026\/03\/15\/az-utolso-erodemonstracio-a-valasztasok-elott-nemzeti-unnep-percrol-percre\">articol din presa din Budapesta<\/a><\/strong>.<\/p>\n<p>Mar\u0219ul P\u0103cii va \u00eencepe diminea\u021ba, av\u00e2nd ca destina\u021bie Pia\u021ba Kossuth, unde va avea loc discursul prim-ministrului Viktor Orb\u00e1n.<\/p>\n<p>\u00cen cursul dup\u0103-amiezii, P\u00e9ter Magyar va organiza Mar\u0219ul Na\u021bional pentru Schimbarea Sistemului, care se va \u00eencheia \u00een Pia\u021ba Eroilor.<\/p>\n<p>Viktor Orb\u00e1n a declarat c\u0103 mitingul de ast\u0103zi este cel mai mare \u0219i <strong><a style=\"color: #ff0000\" href=\"https:\/\/magyarnemzet.hu\/belfold\/2026\/03\/orban-viktor-bekemenet-legnagyobb-legfontosabb-marcius-15\">cel mai important de p\u00e2n\u0103 acum<\/a><\/strong>.<\/p>\n<p><strong><a style=\"color: #ff0000\" href=\"https:\/\/magyarnemzet.hu\/politikai-fogalomtar\/orban-viktor\">Prim-ministrul Viktor Orb\u00e1n<\/a><\/strong> va sus\u021bine un discurs cu ocazia s\u0103rb\u0103torii na\u021bionale, al\u0103turi de vorbitori precum <a href=\"https:\/\/magyarnemzet.hu\/politikai-fogalomtar\/szijjarto-peter\">P\u00e9ter Szijj\u00e1rt\u00f3<\/a> \u0219i <a href=\"https:\/\/magyarnemzet.hu\/politikai-fogalomtar\/lazar-janos\">J\u00e1nos L\u00e1z\u00e1r<\/a>.<\/p>\n<p>Pe de alt\u0103 parte, P\u00e9ter Magyar a \u00eendemnat participan\u021bii la mar\u0219ul s\u0103u s\u0103 nu cedeze provoc\u0103rilor venite din partea cealalt\u0103 \u0219i s\u0103 evite orice form\u0103 de confruntare.<\/p>\n<p>\u00cen 2025, la un eveniment similar, aproximativ 800.000 de maghiari au participat, conform datelor mobile prezentate de presa budapestan\u0103. <strong><a style=\"color: #ff0000\" href=\"https:\/\/magyarnemzet.hu\/belfold\/2025\/08\/szent-istvan-napon-majdnem-nyolcszazezer-ember-unnepelt-budapest-rakpartjain\">Aceste date<\/a><\/strong> arat\u0103 o cre\u0219tere de 12,5% fa\u021b\u0103 de 2024, cu peste 798.000 de participan\u021bi pe malurile Budapestei \u0219i \u00een \u00eemprejurimi. Printre ace\u0219tia, peste 450.000 au asistat la focurile de artificii, conform Agen\u021biei Maghiare de Turism (MT\u00dc).<\/p>\n<p>Statisticile au relevat c\u0103 83% dintre cei prezen\u021bi erau maghiari, ceea ce reprezint\u0103 o cre\u0219tere de 14% comparativ cu anul anterior.<\/p>\n<p>Pe m\u0103sur\u0103 ce alegerile din 12 aprilie se apropie, <strong><a style=\"color: #ff0000\" href=\"https:\/\/www.mediafax.ro\/stirile-zilei\/cu-o-luna-inainte-de-alegerile-cruciale-viktor-orban-a-acoperit-strazile-budapestei-cu-portretele-lui-zelenski-ce-arata-sondajele-23703029\">Viktor Orb\u00e1n a acoperit str\u0103zile Budapestei cu portrete ale lui Zelenski<\/a><\/strong>, campania sa concentr\u00e2ndu-se pe tema Ucrainei \u0219i pe dorin\u021ba de a pune cap\u0103t r\u0103zboiului. Afi\u0219ele de campanie \u00eei prezint\u0103 pe Volodimir Zelenski, Ursula von der Leyen, pre\u0219edinta Comisiei Europene, \u0219i Manfred Weber, liderul PPE, Orb\u00e1n afirm\u00e2nd c\u0103 se opune actualei conduceri de la Bruxelles, parte a familiei PPE.<\/p>\n<p>Sondajele de opinie indic\u0103 faptul c\u0103 Tisza r\u0103m\u00e2ne \u00een fruntea preferin\u021belor electoratului, de\u0219i avantajul s-a mic\u0219orat u\u0219or \u00een ultimele s\u0103pt\u0103m\u00e2ni, conform unui raport <strong><a style=\"color: #ff0000\" href=\"https:\/\/www.reuters.com\/world\/hungarys-opposition-tisza-party-maintains-lead-election-nears-poll-shows-2026-03-11\/\">Reuters<\/a><\/strong>. O cercetare recent\u0103 efectuat\u0103 de 21 Research Centre (21 Kutat\u00f3k\u00f6zpont) a ar\u0103tat c\u0103 Tisza conduce cu 14 puncte procentuale fa\u021b\u0103 de Fidesz \u00een r\u00e2ndul aleg\u0103torilor hot\u0103r\u00e2\u021bi, o sc\u0103dere de la un avans de 16 puncte \u00een ianuarie.<\/p>\n<p>Magyar a subliniat c\u0103 partidul s\u0103u se angajeaz\u0103 s\u0103 combat\u0103 corup\u021bia, s\u0103 deblocheze miliarde de euro din fondurile \u00eenghe\u021bate ale Uniunii Europene pentru a stimula economia \u0219i s\u0103 asigure o leg\u0103tur\u0103 str\u00e2ns\u0103 a Ungariei cu UE \u0219i NATO.<\/p>\n<p>Partidul Fidesz a prezentat, de asemenea, sondaje care sugereaz\u0103 c\u0103 are \u00eenc\u0103 \u0219anse de victorie, \u00een ciuda criticilor venite din partea opozi\u021biei, care \u00eel acuz\u0103 pe Orb\u00e1n c\u0103 submineaz\u0103 statul de drept \u0219i \u00eentre\u021bine rela\u021bii str\u00e2nse cu Rusia. Ace\u0219tia sus\u021bin c\u0103 sondajele sunt realizate \u00een principal de institute cu leg\u0103turi financiare sau personale cu partidul aflat la guvernare.<\/p>\n<p>Viktor Orb\u00e1n se confrunt\u0103 cu cea mai mare provocare la adresa guvern\u0103rii sale \u00een ultimii 16 ani, iar rezultatul scrutinului, desf\u0103\u0219urat pe fondul r\u0103zboiului dintre Ucraina \u0219i Rusia \u0219i al provoc\u0103rilor economice \u00een cre\u0219tere, r\u0103m\u00e2ne extrem de incert, sondajele indic\u00e2nd o indecizie \u00een r\u00e2ndul multor aleg\u0103tori.<\/p>\n","protected":false},"excerpt":{"rendered":"<p>\u00cen data de 15 martie, an electoral, partidele au oportunitatea perfect\u0103 de a-\u0219i demonstra for\u021ba \u0219i a mobiliza sus\u021bin\u0103torii. Anul acesta nu face excep\u021bie, conform unui articol din presa din Budapesta. Mar\u0219ul P\u0103cii va \u00eencepe diminea\u021ba, av\u00e2nd ca destina\u021bie Pia\u021ba Kossuth, unde va avea loc discursul prim-ministrului Viktor Orb\u00e1n. \u00cen cursul dup\u0103-amiezii, P\u00e9ter Magyar va [&hellip;]<\/p>\n","protected":false},"author":2,"featured_media":8595,"comment_status":"open","ping_status":"open","sticky":false,"template":"","format":"standard","meta":{"jnews-multi-image_gallery":[],"jnews_single_post":[],"jnews_primary_category":[],"jnews_override_counter":[],"footnotes":""},"categories":[42],"tags":[1042,2427,5140,521,11445,270,11446,2103],"class_list":["post-8594","post","type-post","status-publish","format-standard","has-post-thumbnail","hentry","category-politica","tag-alegeri","tag-marsul-pacii","tag-miting","tag-partide","tag-piata-kossuth","tag-protest","tag-schimbarea-sistemului","tag-viktor-orban"],"_links":{"self":[{"href":"https:\/\/www.newsrecorder.ro\/app\/wp-json\/wp\/v2\/posts\/8594","targetHints":{"allow":["GET"]}}],"collection":[{"href":"https:\/\/www.newsrecorder.ro\/app\/wp-json\/wp\/v2\/posts"}],"about":[{"href":"https:\/\/www.newsrecorder.ro\/app\/wp-json\/wp\/v2\/types\/post"}],"author":[{"embeddable":true,"href":"https:\/\/www.newsrecorder.ro\/app\/wp-json\/wp\/v2\/users\/2"}],"replies":[{"embeddable":true,"href":"https:\/\/www.newsrecorder.ro\/app\/wp-json\/wp\/v2\/comments?post=8594"}],"version-history":[{"count":0,"href":"https:\/\/www.newsrecorder.ro\/app\/wp-json\/wp\/v2\/posts\/8594\/revisions"}],"wp:featuredmedia":[{"embeddable":true,"href":"https:\/\/www.newsrecorder.ro\/app\/wp-json\/wp\/v2\/media\/8595"}],"wp:attachment":[{"href":"https:\/\/www.newsrecorder.ro\/app\/wp-json\/wp\/v2\/media?parent=8594"}],"wp:term":[{"taxonomy":"category","embeddable":true,"href":"https:\/\/www.newsrecorder.ro\/app\/wp-json\/wp\/v2\/categories?post=8594"},{"taxonomy":"post_tag","embeddable":true,"href":"https:\/\/www.newsrecorder.ro\/app\/wp-json\/wp\/v2\/tags?post=8594"}],"curies":[{"name":"wp","href":"https:\/\/api.w.org\/{rel}","templated":true}]}}