{"id":8598,"date":"2026-03-15T11:57:56","date_gmt":"2026-03-15T11:57:56","guid":{"rendered":"https:\/\/www.newsrecorder.ro\/app\/2026\/03\/15\/nicusor-dan-sarbatorim-unitatea-si-optimismul-de-ziua-maghiarilor\/"},"modified":"2026-03-15T11:57:56","modified_gmt":"2026-03-15T11:57:56","slug":"nicusor-dan-sarbatorim-unitatea-si-optimismul-de-ziua-maghiarilor","status":"publish","type":"post","link":"https:\/\/www.newsrecorder.ro\/app\/2026\/03\/15\/nicusor-dan-sarbatorim-unitatea-si-optimismul-de-ziua-maghiarilor\/","title":{"rendered":"Nicu\u0219or Dan: S\u0103rb\u0103torim unitatea \u0219i optimismul de Ziua Maghiarilor!"},"content":{"rendered":"<p>\u00cen cadrul unei declara\u021bii oficiale, pre\u0219edintele Rom\u00e2niei a eviden\u021biat semnifica\u021bia Zilei Maghiarilor de Pretutindeni, descriind-o ca \u201eo s\u0103rb\u0103toare special\u0103 pentru concet\u0103\u021benii no\u0219tri care \u00ee\u0219i celebreaz\u0103 leg\u0103tura cu un spa\u021biu comun de istorie, limb\u0103, tradi\u021bii \u0219i cultur\u0103\u201d.<\/p>\n<p>Acesta a subliniat importan\u021ba acestei zile ca un moment de apreciere pentru contribu\u021bia comunit\u0103\u021bii maghiare din Rom\u00e2nia la dezvoltarea na\u021biunii, prin promovarea dialogului interetnic \u0219i intercultural. Pre\u0219edintele a afirmat c\u0103 aceste valori sunt esen\u021biale pentru a construi un viitor comun \u00een pace \u0219i cooperare. \u201eEste o ocazie s\u0103 ne amintim de sprijinul activ pe care aceast\u0103 comunitate l-a oferit Rom\u00e2niei \u00een procesul de revenire la democra\u021bie dup\u0103 perioada comunist\u0103 \u0219i mai apoi \u00een asumarea valorilor europene \u0219i euroatlantice\u201d, a ad\u0103ugat el.<\/p>\n<p>\u00cen mesajul s\u0103u, \u0219eful statului a subliniat c\u0103 parteneriatul dintre majoritate \u0219i minorit\u0103\u021bi a fost crucial pentru modernizarea Rom\u00e2niei \u0219i integrarea sa \u00een Uniunea European\u0103. El a spus: \u201eAcest parteneriat a fost o for\u021b\u0103 motiva\u021bional\u0103 esen\u021bial\u0103 \u00een modernizarea \u021b\u0103rii noastre \u0219i \u00een integrarea deplin\u0103 \u00een Uniunea European\u0103. Proiectul european reprezint\u0103 pentru to\u021bi cet\u0103\u021benii rom\u00e2ni, indiferent de etnie, principii fundamentale care guverneaz\u0103 societatea noastr\u0103 \u0219i resurse pentru reducerea decalajelor de dezvoltare \u00eentre regiunile Rom\u00e2niei.\u201d<\/p>\n<p>Pre\u0219edintele a continuat s\u0103 exprime \u00eencrederea c\u0103, prin promovarea solidarit\u0103\u021bii, dialogului \u0219i echilibrului social, Rom\u00e2nia poate contracara orice tentativ\u0103 de fragmentare sau dezbinare de natur\u0103 ideologic\u0103. \u201eS\u0103 nu uit\u0103m c\u0103 avem cu to\u021bii acelea\u0219i aspira\u021bii &#8211; libertate, demnitate \u0219i speran\u021ba pentru o via\u021b\u0103 mai bun\u0103. Acestea nu sunt doar cuvinte, ci principii morale \u0219i civice care definesc o Rom\u00e2nie european\u0103 modern\u0103, capabil\u0103 s\u0103 valorifice diversitatea sa\u201d, a subliniat Nicu\u0219or Dan.<\/p>\n<p>\u201eIstoria noastr\u0103 comun\u0103 ne-a ar\u0103tat c\u0103, atunci c\u00e2nd societatea s-a divizat, Rom\u00e2nia a stagnat. C\u00e2nd a existat dialog \u0219i cooperare, Rom\u00e2nia a progresat\u201d, a conchis pre\u0219edintele.<\/p>\n<p>\u00cen \u00eencheiere, \u0219eful statului a transmis ur\u0103ri cet\u0103\u021benilor rom\u00e2ni de etnie maghiar\u0103 cu ocazia acestei s\u0103rb\u0103tori, exprim\u00e2ndu-\u0219i speran\u021ba c\u0103 Ziua Maghiarilor de Pretutindeni va \u00eent\u0103ri \u00eencrederea \u00een societatea rom\u00e2neasc\u0103 \u0219i va contribui la consolidarea unei Rom\u00e2nii democratice \u0219i prospere. \u201eS\u0103 r\u0103m\u00e2nem uni\u021bi \u0219i s\u0103 privim \u00eempreun\u0103 cu optimism spre viitor!\u201d, a declarat Nicu\u0219or Dan.<\/p>\n","protected":false},"excerpt":{"rendered":"<p>\u00cen cadrul unei declara\u021bii oficiale, pre\u0219edintele Rom\u00e2niei a eviden\u021biat semnifica\u021bia Zilei Maghiarilor de Pretutindeni, descriind-o ca \u201eo s\u0103rb\u0103toare special\u0103 pentru concet\u0103\u021benii no\u0219tri care \u00ee\u0219i celebreaz\u0103 leg\u0103tura cu un spa\u021biu comun de istorie, limb\u0103, tradi\u021bii \u0219i cultur\u0103\u201d. Acesta a subliniat importan\u021ba acestei zile ca un moment de apreciere pentru contribu\u021bia comunit\u0103\u021bii maghiare din Rom\u00e2nia la dezvoltarea [&hellip;]<\/p>\n","protected":false},"author":2,"featured_media":8599,"comment_status":"open","ping_status":"open","sticky":false,"template":"","format":"standard","meta":{"jnews-multi-image_gallery":[],"jnews_single_post":[],"jnews_primary_category":[],"jnews_override_counter":[],"footnotes":""},"categories":[42],"tags":[9901,659,214,6297,873,149,1469,11449],"class_list":["post-8598","post","type-post","status-publish","format-standard","has-post-thumbnail","hentry","category-politica","tag-comunitate-maghiara","tag-cooperare","tag-cultura","tag-dialog-interetnic","tag-istorie","tag-romania","tag-traditii","tag-ziua-maghiarilor"],"_links":{"self":[{"href":"https:\/\/www.newsrecorder.ro\/app\/wp-json\/wp\/v2\/posts\/8598","targetHints":{"allow":["GET"]}}],"collection":[{"href":"https:\/\/www.newsrecorder.ro\/app\/wp-json\/wp\/v2\/posts"}],"about":[{"href":"https:\/\/www.newsrecorder.ro\/app\/wp-json\/wp\/v2\/types\/post"}],"author":[{"embeddable":true,"href":"https:\/\/www.newsrecorder.ro\/app\/wp-json\/wp\/v2\/users\/2"}],"replies":[{"embeddable":true,"href":"https:\/\/www.newsrecorder.ro\/app\/wp-json\/wp\/v2\/comments?post=8598"}],"version-history":[{"count":0,"href":"https:\/\/www.newsrecorder.ro\/app\/wp-json\/wp\/v2\/posts\/8598\/revisions"}],"wp:featuredmedia":[{"embeddable":true,"href":"https:\/\/www.newsrecorder.ro\/app\/wp-json\/wp\/v2\/media\/8599"}],"wp:attachment":[{"href":"https:\/\/www.newsrecorder.ro\/app\/wp-json\/wp\/v2\/media?parent=8598"}],"wp:term":[{"taxonomy":"category","embeddable":true,"href":"https:\/\/www.newsrecorder.ro\/app\/wp-json\/wp\/v2\/categories?post=8598"},{"taxonomy":"post_tag","embeddable":true,"href":"https:\/\/www.newsrecorder.ro\/app\/wp-json\/wp\/v2\/tags?post=8598"}],"curies":[{"name":"wp","href":"https:\/\/api.w.org\/{rel}","templated":true}]}}