{"id":8604,"date":"2026-03-15T17:37:18","date_gmt":"2026-03-15T17:37:18","guid":{"rendered":"https:\/\/www.newsrecorder.ro\/app\/2026\/03\/15\/u-bt-vizeaza-semifinalele-eurocup-silvasan-promite-o-surpriza\/"},"modified":"2026-03-15T17:37:18","modified_gmt":"2026-03-15T17:37:18","slug":"u-bt-vizeaza-semifinalele-eurocup-silvasan-promite-o-surpriza","status":"publish","type":"post","link":"https:\/\/www.newsrecorder.ro\/app\/2026\/03\/15\/u-bt-vizeaza-semifinalele-eurocup-silvasan-promite-o-surpriza\/","title":{"rendered":"U-BT vizeaz\u0103 semifinalele Eurocup: Silv\u0103\u0219an promite o surpriz\u0103!"},"content":{"rendered":"<p>Meciul dintre U-BT Cluj-Napoca \u0219i Bahcesehir Istanbul, parte din sferturile de final\u0103 ale Eurocup, se va desf\u0103\u0219ura mar\u021bi, 17 martie, cu \u00eencepere de la ora 18:00, \u00een impresionanta \u201eSinan Erdem Dome\u201d. Aceast\u0103 aren\u0103, construit\u0103 \u00een 2010 pentru Campionatul Mondial de baschet, ofer\u0103 o capacitate de 16.000 de locuri.<\/p>\n<p>U-BT Cluj-Napoca, campioana Rom\u00e2niei, reu\u0219e\u0219te s\u0103 ajung\u0103 \u00een sferturi pentru al treilea an consecutiv. \u00cen optimi, clujenii au ob\u021binut o victorie conving\u0103toare \u00eempotriva echipei Buducnost Podgorica, scor 100-82.<\/p>\n<p>Pe de alt\u0103 parte, echipa din Istanbul a avut un parcurs solid \u00een sezonul regulat, termin\u00e2nd pe locul 2 \u00een Grupa A, cu un bilan\u021b de 12 victorii \u0219i 6 \u00eenfr\u00e2ngeri. Aceast\u0103 performan\u021b\u0103 le-a asigurat un loc direct \u00een sferturile competi\u021biei.<\/p>\n<p>Este important de men\u021bionat c\u0103 cele dou\u0103 forma\u021bii s-au \u00eent\u00e2lnit de dou\u0103 ori \u00een acest sezon, iar turcii au reu\u0219it s\u0103 c\u00e2\u0219tige ambele confrunt\u0103ri.<\/p>\n<p>Mihai Silv\u0103\u0219an, antrenorul echipei U-BT, a declarat cu m\u00e2ndrie: \u201e\u00cei cunoa\u0219tem destul de bine, am mai jucat \u00eempotriva lor de dou\u0103 ori. Suntem optimi\u0219ti, chiar dac\u0103 am fost \u00eenfr\u00e2n\u021bi \u00een cele dou\u0103 partide din sezonul regulat. Totu\u0219i, un meci eliminatoriu este cu totul diferit, iar eu sper ca, la ora meciului, noi s\u0103 fim cei mai motiva\u021bi \u0219i s\u0103 avem o intensitate mai mare. De ce nu, putem face o surpriz\u0103 \u0219i s\u0103 c\u00e2\u0219tig\u0103m acest meci. Este un sentiment de m\u00e2ndrie s\u0103 fim din nou aici, pentru c\u0103 nu este u\u0219or. Ne bucur\u0103m, dar nu vrem s\u0103 ne oprim aici. Consider c\u0103 avem o \u0219ans\u0103 bun\u0103, de\u0219i nu suntem favori\u021bi. Vrem s\u0103 facem tot ce ne st\u0103 \u00een putere pentru a profita de aceast\u0103 oportunitate.\u201d<\/p>\n","protected":false},"excerpt":{"rendered":"<p>Meciul dintre U-BT Cluj-Napoca \u0219i Bahcesehir Istanbul, parte din sferturile de final\u0103 ale Eurocup, se va desf\u0103\u0219ura mar\u021bi, 17 martie, cu \u00eencepere de la ora 18:00, \u00een impresionanta \u201eSinan Erdem Dome\u201d. Aceast\u0103 aren\u0103, construit\u0103 \u00een 2010 pentru Campionatul Mondial de baschet, ofer\u0103 o capacitate de 16.000 de locuri. U-BT Cluj-Napoca, campioana Rom\u00e2niei, reu\u0219e\u0219te s\u0103 ajung\u0103 [&hellip;]<\/p>\n","protected":false},"author":6,"featured_media":8605,"comment_status":"open","ping_status":"open","sticky":false,"template":"","format":"standard","meta":{"jnews-multi-image_gallery":[],"jnews_single_post":[],"jnews_primary_category":[],"jnews_override_counter":[],"footnotes":""},"categories":[46],"tags":[11037,722,1259,2550,963,11452,1133,64],"class_list":["post-8604","post","type-post","status-publish","format-standard","has-post-thumbnail","hentry","category-sport","tag-bahcesehir-istanbul","tag-baschet","tag-campioana-romaniei","tag-eurocup","tag-sferturi-de-finala","tag-sinan-erdem-dome","tag-u-bt-cluj-napoca","tag-victorie"],"_links":{"self":[{"href":"https:\/\/www.newsrecorder.ro\/app\/wp-json\/wp\/v2\/posts\/8604","targetHints":{"allow":["GET"]}}],"collection":[{"href":"https:\/\/www.newsrecorder.ro\/app\/wp-json\/wp\/v2\/posts"}],"about":[{"href":"https:\/\/www.newsrecorder.ro\/app\/wp-json\/wp\/v2\/types\/post"}],"author":[{"embeddable":true,"href":"https:\/\/www.newsrecorder.ro\/app\/wp-json\/wp\/v2\/users\/6"}],"replies":[{"embeddable":true,"href":"https:\/\/www.newsrecorder.ro\/app\/wp-json\/wp\/v2\/comments?post=8604"}],"version-history":[{"count":0,"href":"https:\/\/www.newsrecorder.ro\/app\/wp-json\/wp\/v2\/posts\/8604\/revisions"}],"wp:featuredmedia":[{"embeddable":true,"href":"https:\/\/www.newsrecorder.ro\/app\/wp-json\/wp\/v2\/media\/8605"}],"wp:attachment":[{"href":"https:\/\/www.newsrecorder.ro\/app\/wp-json\/wp\/v2\/media?parent=8604"}],"wp:term":[{"taxonomy":"category","embeddable":true,"href":"https:\/\/www.newsrecorder.ro\/app\/wp-json\/wp\/v2\/categories?post=8604"},{"taxonomy":"post_tag","embeddable":true,"href":"https:\/\/www.newsrecorder.ro\/app\/wp-json\/wp\/v2\/tags?post=8604"}],"curies":[{"name":"wp","href":"https:\/\/api.w.org\/{rel}","templated":true}]}}