{"id":861,"date":"2026-01-30T03:08:59","date_gmt":"2026-01-30T03:08:59","guid":{"rendered":"https:\/\/www.newsrecorder.ro\/app\/2026\/01\/30\/prognoza-meteo-surprinzatoare-ce-temperaturi-ne-asteapta\/"},"modified":"2026-01-30T03:08:59","modified_gmt":"2026-01-30T03:08:59","slug":"prognoza-meteo-surprinzatoare-ce-temperaturi-ne-asteapta","status":"publish","type":"post","link":"https:\/\/www.newsrecorder.ro\/app\/2026\/01\/30\/prognoza-meteo-surprinzatoare-ce-temperaturi-ne-asteapta\/","title":{"rendered":"Prognoza meteo surprinz\u0103toare: Ce temperaturi ne a\u0219teapt\u0103?"},"content":{"rendered":"<p><strong>S\u0103pt\u0103m\u00e2na 26 ianuarie \u2013 2 februarie<\/strong><\/p>\n<p>\u00cen aceast\u0103 s\u0103pt\u0103m\u00e2n\u0103, valorile termice din Rom\u00e2nia vor fi mai ridicate dec\u00e2t cele obi\u0219nuite pentru aceast\u0103 perioad\u0103. Aceast\u0103 tendin\u021b\u0103 se va observa \u00een special \u00een zonele montane \u0219i sud-estice, unde abaterile termice pozitive vor fi mai accentuate. De asemenea, regimul pluviometric va dep\u0103\u0219i normele, \u00een special \u00een zona Carpa\u021bilor Meridionali.<\/p>\n<p><strong>S\u0103pt\u0103m\u00e2na 2 \u2013 9 februarie<\/strong><\/p>\n<p>Temperaturile medii vor continua s\u0103 fie mai ridicate dec\u00e2t cele normale \u00een majoritatea regiunilor \u021b\u0103rii. \u00cen ceea ce prive\u0219te precipita\u021biile, cantit\u0103\u021bile estimate se vor \u00eencadra \u00een limitele normale pentru acest interval, oferind un echilibru la nivel na\u021bional.<\/p>\n<p><strong>S\u0103pt\u0103m\u00e2na 9 \u2013 16 februarie<\/strong><\/p>\n<p>Similar cu s\u0103pt\u0103m\u00e2nile anterioare, valorile termice vor r\u0103m\u00e2ne peste cele specifice pentru aceast\u0103 perioad\u0103 pe \u00eentreg teritoriul Rom\u00e2niei, cu o abatere pozitiv\u0103 mai pronun\u021bat\u0103 \u00een zonele montane \u0219i sud-estice. Cantit\u0103\u021bile de precipita\u021bii vor fi, de asemenea, conforme cu normele pentru acest interval de timp, men\u021bin\u00e2nd un climat echilibrat.<\/p>\n<p><strong>S\u0103pt\u0103m\u00e2na 16 \u2013 23 februarie<\/strong><\/p>\n<p>\u00cen aceast\u0103 s\u0103pt\u0103m\u00e2n\u0103, mediile temperaturilor vor fi u\u0219or superioare celor specifice, \u00een majoritatea regiunilor. De asemenea, cantit\u0103\u021bile de precipita\u021bii estimate vor prezenta o tendin\u021b\u0103 u\u0219or excedentar\u0103 \u00een toate regiunile, suger\u00e2nd o posibil\u0103 intensificare a fenomenelor meteorologice.<\/p>\n","protected":false},"excerpt":{"rendered":"<p>S\u0103pt\u0103m\u00e2na 26 ianuarie \u2013 2 februarie \u00cen aceast\u0103 s\u0103pt\u0103m\u00e2n\u0103, valorile termice din Rom\u00e2nia vor fi mai ridicate dec\u00e2t cele obi\u0219nuite pentru aceast\u0103 perioad\u0103. Aceast\u0103 tendin\u021b\u0103 se va observa \u00een special \u00een zonele montane \u0219i sud-estice, unde abaterile termice pozitive vor fi mai accentuate. De asemenea, regimul pluviometric va dep\u0103\u0219i normele, \u00een special \u00een zona Carpa\u021bilor [&hellip;]<\/p>\n","protected":false},"author":5,"featured_media":862,"comment_status":"open","ping_status":"open","sticky":false,"template":"","format":"standard","meta":{"jnews-multi-image_gallery":[],"jnews_single_post":[],"jnews_primary_category":[],"jnews_override_counter":[],"footnotes":""},"categories":[45],"tags":[146,1558,135,149,1559,737,125,742],"class_list":["post-861","post","type-post","status-publish","format-standard","has-post-thumbnail","hentry","category-meteo","tag-abateri-termice","tag-carpati-meridionali","tag-precipitatii","tag-romania","tag-sud-est","tag-temperaturi-ridicate","tag-vreme","tag-zone-montane"],"_links":{"self":[{"href":"https:\/\/www.newsrecorder.ro\/app\/wp-json\/wp\/v2\/posts\/861","targetHints":{"allow":["GET"]}}],"collection":[{"href":"https:\/\/www.newsrecorder.ro\/app\/wp-json\/wp\/v2\/posts"}],"about":[{"href":"https:\/\/www.newsrecorder.ro\/app\/wp-json\/wp\/v2\/types\/post"}],"author":[{"embeddable":true,"href":"https:\/\/www.newsrecorder.ro\/app\/wp-json\/wp\/v2\/users\/5"}],"replies":[{"embeddable":true,"href":"https:\/\/www.newsrecorder.ro\/app\/wp-json\/wp\/v2\/comments?post=861"}],"version-history":[{"count":0,"href":"https:\/\/www.newsrecorder.ro\/app\/wp-json\/wp\/v2\/posts\/861\/revisions"}],"wp:featuredmedia":[{"embeddable":true,"href":"https:\/\/www.newsrecorder.ro\/app\/wp-json\/wp\/v2\/media\/862"}],"wp:attachment":[{"href":"https:\/\/www.newsrecorder.ro\/app\/wp-json\/wp\/v2\/media?parent=861"}],"wp:term":[{"taxonomy":"category","embeddable":true,"href":"https:\/\/www.newsrecorder.ro\/app\/wp-json\/wp\/v2\/categories?post=861"},{"taxonomy":"post_tag","embeddable":true,"href":"https:\/\/www.newsrecorder.ro\/app\/wp-json\/wp\/v2\/tags?post=861"}],"curies":[{"name":"wp","href":"https:\/\/api.w.org\/{rel}","templated":true}]}}