{"id":8620,"date":"2026-03-15T17:39:43","date_gmt":"2026-03-15T17:39:43","guid":{"rendered":"https:\/\/www.newsrecorder.ro\/app\/2026\/03\/15\/razboiul-din-orientul-mijlociu-iranul-contrazice-moartea-liderului-suprem\/"},"modified":"2026-03-15T17:39:43","modified_gmt":"2026-03-15T17:39:43","slug":"razboiul-din-orientul-mijlociu-iranul-contrazice-moartea-liderului-suprem","status":"publish","type":"post","link":"https:\/\/www.newsrecorder.ro\/app\/2026\/03\/15\/razboiul-din-orientul-mijlociu-iranul-contrazice-moartea-liderului-suprem\/","title":{"rendered":"R\u0103zboiul din Orientul Mijlociu: Iranul contrazice moartea liderului suprem!"},"content":{"rendered":"<p>Autorit\u0103\u021bile din Iran au efectuat arest\u0103ri \u00een mas\u0103, re\u021bin\u00e2nd zeci de indivizi <a href=\"https:\/\/www.mediafax.ro\/stirile-zilei\/iran-zeci-de-persoane-au-fost-arestate-sub-suspiciunea-de-colaborare-cu-serviciile-de-informatii-israeliene-23703395\" target=\"_blank\" rel=\"noopener\"><strong>suspec\u021bi de spionaj \u00een favoarea Israelului.<\/strong><\/a> Conform informa\u021biilor furnizate de sistemul judiciar iranian, ace\u0219tia sunt suspecta\u021bi c\u0103 au transmis date sensibile Israelului, referitoare la infrastructura de ap\u0103rare \u0219i securitate a regimului islamic.<\/p>\n<p>&nbsp;<\/p>\n<p><strong><a style=\"color: #ff0000\" href=\"https:\/\/www.mediafax.ro\/externe\/bilantul-mortilor-din-liban-creste-la-850-la-polul-opus-hezbollah-a-revendicat-o-serie-de-atacuri-in-israel-23703385\" target=\"_blank\" rel=\"noopener\">Bilan\u021bul victimelor din Liban a ajuns la 850<\/a><\/strong>, conform Ministerului S\u0103n\u0103t\u0103\u021bii din Liban. Aceast\u0103 statistic\u0103 include persoanele ucise \u00een atacurile israeliene de la \u00eenceputul lunii martie, c\u00e2nd Israelul a \u00eenceput bombardamentele asupra regiunii. \u00cen acela\u0219i timp, gruparea Hezbollah, sus\u021binut\u0103 de Iran, a revendicat o serie de atacuri asupra teritoriului israelian.<\/p>\n<p>&nbsp;<\/p>\n<p><strong>Ministrul iranian de externe, Abbas Araghchi, a declarat c\u0103 Israelul ar putea fi implicat \u00een atacurile asupra \u021b\u0103rilor din Golf<\/strong>. <strong><a style=\"color: #ff0000\" href=\"https:\/\/www.mediafax.ro\/stirile-zilei\/ministrul-iranian-de-externe-abbas-araghchi-spune-ca-israelul-ar-putea-fi-implicat-in-atacurile-asupra-tarilor-din-golf-23703314\" target=\"_blank\" rel=\"noopener\">\u00centr-un interviu pentru publica\u021bia Al-Araby Al-Jadeed<\/a><\/strong>, Araghchi a sugerat c\u0103 Israelul ar putea fi responsabil de atacurile recente asupra \u021bintelor civile din \u021b\u0103rile din Golf, cu scopul de a discredita Iranul \u0219i de a tensiona rela\u021biile acestuia cu statele arabe.<\/p>\n<p>&nbsp;<\/p>\n<p><strong>R\u0103zboiul din Orientul Mijlociu complic\u0103 situa\u021bia din Ucraina<\/strong>. <strong><a style=\"color: #ff0000\" href=\"https:\/\/www.mediafax.ro\/externe\/razboiul-din-orientul-mijlociu-complica-situatia-ucrainei-negocierile-de-pace-stagneaza-livrarile-de-arme-din-sua-intarzie-iar-rusia-profita-de-cresterea-pretului-petrolului-23703318\" target=\"_blank\" rel=\"noopener\">Negocierile de pace \u00een Ucraina<\/a><\/strong> au stagnat, \u00een contextul \u00een care Donald Trump \u00ee\u0219i arat\u0103 tot mai pu\u021bin interes fa\u021b\u0103 de discu\u021bii. Conform unor surse din Financial Times, conflictul cu Iranul a redus presiunea asupra Rusiei, permi\u021b\u00e2ndu-i acesteia s\u0103 beneficieze de cre\u0219terea pre\u021bului petrolului, \u00een timp ce livr\u0103rile de arme din SUA c\u0103tre Ucraina \u00eent\u00e2mpin\u0103 \u00eent\u00e2rzieri.<\/p>\n<p>&nbsp;<\/p>\n<p><strong>Ucraina impune sanc\u021biuni asupra produc\u0103torilor \u0219i furnizorilor de armament din Rusia \u0219i Iran<\/strong>. <strong><a href=\"https:\/\/www.mediafax.ro\/externe\/ucraina-impune-sanctiuni-asupra-unor-producatori-si-furnizori-de-armament-din-rusia-si-iran-23703286\" target=\"_blank\" rel=\"noopener\">Pre\u0219edintele Ucrainei, Volodimir Zelenski<\/a><\/strong>, a semnat trei decrete prin care se impun sanc\u021biuni asupra companiilor din Rusia \u0219i Iran care produc sau furnizeaz\u0103 echipamente militare. Potrivit lui Vladislav Vlasiuk, consilierul pre\u0219edintelui ucrainean pentru politica de sanc\u021biuni, aceste m\u0103suri vizeaz\u0103 interconectivitatea complexurilor industriale militare din cele dou\u0103 \u021b\u0103ri, implicate \u00een atacurile asupra Ucrainei \u0219i \u00een conflictele din Orientul Mijlociu.<\/p>\n<p>&nbsp;<\/p>\n<ul>\n<li><strong>Pentagonul a confirmat identit\u0103\u021bile ofi\u021berilor mor\u021bi \u00een pr\u0103bu\u0219irea avionului din Irak.<\/strong><\/li>\n<li><strong>Armata american\u0103 nu comenteaz\u0103 afirma\u021biile Iranului conform c\u0103rora a folosit teritoriul Emiratelor Arabe Unite pentru atacul de la Kharg.<\/strong><\/li>\n<li><strong>Netanyahu a contactat echipa lui Zelenski.<\/strong><\/li>\n<\/ul>\n<p>&nbsp;<\/p>\n<p><strong>UPDATE:<\/strong> Iranul neag\u0103 zvonurile despre moartea liderului suprem \u0219i amenin\u021b\u0103 cu r\u0103zbunarea asupra lui Netanyahu. Ministerul iranian de externe a transmis c\u0103 liderul revolu\u021biei este s\u0103n\u0103tos \u0219i activ \u00een gestionarea situa\u021biei. Aceste afirma\u021bii vin dup\u0103 ce Donald Trump a speculat despre posibila moarte a lui Mojtaba Khamenei.<\/p>\n<p>&nbsp;<\/p>\n<p><strong>UPDATE:<\/strong> Dup\u0103 atacurile recente \u00eempotriva Israelului, IRGC a anun\u021bat c\u0103 va intensifica lans\u0103rile de rachete, \u00een timp ce Israelul continu\u0103 s\u0103 efectueze atacuri \u00een Iran.<\/p>\n<p>&nbsp;<\/p>\n<p><strong>UPDATE:<\/strong> Pentagonul a publicat numele ofi\u021berilor care au murit \u00een pr\u0103bu\u0219irea avionului din Irak:<\/p>\n<p class=\"p1\">C\u0103pitan Seth R. Kowbel, 38 de ani, din Mooresville, Indiana.<\/p>\n<p class=\"p1\">C\u0103pitan Curtis J. Angst, 30 de ani, din Wilmington, Ohio.<\/p>\n<p class=\"p1\">Sergent tehnic Tyler H. Simmons, 28 de ani, din Columbus, Ohio.<\/p>\n<p class=\"p1\">Maior John A. Kleiner, 33 de ani, din Auburn, Alabama.<\/p>\n<p class=\"p1\">C\u0103pitan Ariana J. Sabino, 31 de ani, din Covington, Washington.<\/p>\n<p class=\"p1\">Sergent tehnic Ashley B. Pruitt, 34 de ani, din Bardstown, Kentucky.<\/p>\n<p>&nbsp;<\/p>\n<p><strong>UPDATE:<\/strong> Armata american\u0103 a refuzat s\u0103 comenteze informa\u021biile Iranului privind utilizarea teritoriului Emiratelor Arabe Unite pentru atacuri. Abbas Araghchi a men\u021bionat c\u0103 Iranul va ac\u021biona cu precau\u021bie pentru a evita atacurile asupra zonelor populate.<\/p>\n<p>&nbsp;<\/p>\n<p><strong>UPDATE:<\/strong> Arabia Saudit\u0103 a interceptat 10 drone, \u00eens\u0103 IRGC a negat orice implicare \u00een aceste atacuri.<\/p>\n<p>De asemenea, Ministerul Ap\u0103r\u0103rii din Arabia Saudit\u0103 a anun\u021bat interceptarea a \u0219apte drone \u00een regiunile Riad \u0219i Est.<\/p>\n<p>&nbsp;<\/p>\n<p><strong>UPDATE:<\/strong> Israelul a anun\u021bat uciderea a doi oficiali iranieni de rang \u00eenalt, av\u00e2nd un total de 400 de atacuri aeriene asupra unor \u021binte din Iran \u00een ultimele s\u0103pt\u0103m\u00e2ni. Tensiunile continue afecteaz\u0103 grav securitatea regional\u0103, inclusiv \u00een Str\u00e2mtoarea Ormuz, o rut\u0103 esen\u021bial\u0103 pentru transportul de petrol.<\/p>\n<p>&nbsp;<\/p>\n<p><strong>UPDATE:<\/strong> Pre\u0219edintele Zelenski a acuzat Rusia c\u0103 a furnizat Iranului informa\u021bii \u0219i drone pentru atacurile asupra bazelor militare americane \u00een Orientul Mijlociu, indic\u00e2nd o implicare mai profund\u0103 a Moscovei \u00een conflict.<\/p>\n<p>&nbsp;<\/p>\n<p><strong>UPDATE:<\/strong> Formula 1 a anulat dou\u0103 curse majore din cauza r\u0103zboiului din Orientul Mijlociu, iar Elve\u021bia a refuzat cererile SUA de a permite survolul spa\u021biului s\u0103u aerian \u00een contextul conflictului.<\/p>\n<p>\u00cen plus, trei membre ale echipei feminine de fotbal a Iranului, care au solicitat vize de refugiat pentru a r\u0103m\u00e2ne \u00een Australia, au decis s\u0103 se \u00eentoarc\u0103 acas\u0103, conform declara\u021biilor oficiale din Australia.<\/p><\/p>\n","protected":false},"excerpt":{"rendered":"<p>Autorit\u0103\u021bile din Iran au efectuat arest\u0103ri \u00een mas\u0103, re\u021bin\u00e2nd zeci de indivizi suspec\u021bi de spionaj \u00een favoarea Israelului. Conform informa\u021biilor furnizate de sistemul judiciar iranian, ace\u0219tia sunt suspecta\u021bi c\u0103 au transmis date sensibile Israelului, referitoare la infrastructura de ap\u0103rare \u0219i securitate a regimului islamic. &nbsp; Bilan\u021bul victimelor din Liban a ajuns la 850, conform Ministerului [&hellip;]<\/p>\n","protected":false},"author":2,"featured_media":8621,"comment_status":"open","ping_status":"open","sticky":false,"template":"","format":"standard","meta":{"jnews-multi-image_gallery":[],"jnews_single_post":[],"jnews_primary_category":[],"jnews_override_counter":[],"footnotes":""},"categories":[41],"tags":[5007,1084,2185,913,268,2183,874,9299],"class_list":["post-8620","post","type-post","status-publish","format-standard","has-post-thumbnail","hentry","category-externe","tag-arestari","tag-atacuri","tag-hezbollah","tag-iran","tag-israel","tag-liban","tag-securitate","tag-spionaj"],"_links":{"self":[{"href":"https:\/\/www.newsrecorder.ro\/app\/wp-json\/wp\/v2\/posts\/8620","targetHints":{"allow":["GET"]}}],"collection":[{"href":"https:\/\/www.newsrecorder.ro\/app\/wp-json\/wp\/v2\/posts"}],"about":[{"href":"https:\/\/www.newsrecorder.ro\/app\/wp-json\/wp\/v2\/types\/post"}],"author":[{"embeddable":true,"href":"https:\/\/www.newsrecorder.ro\/app\/wp-json\/wp\/v2\/users\/2"}],"replies":[{"embeddable":true,"href":"https:\/\/www.newsrecorder.ro\/app\/wp-json\/wp\/v2\/comments?post=8620"}],"version-history":[{"count":0,"href":"https:\/\/www.newsrecorder.ro\/app\/wp-json\/wp\/v2\/posts\/8620\/revisions"}],"wp:featuredmedia":[{"embeddable":true,"href":"https:\/\/www.newsrecorder.ro\/app\/wp-json\/wp\/v2\/media\/8621"}],"wp:attachment":[{"href":"https:\/\/www.newsrecorder.ro\/app\/wp-json\/wp\/v2\/media?parent=8620"}],"wp:term":[{"taxonomy":"category","embeddable":true,"href":"https:\/\/www.newsrecorder.ro\/app\/wp-json\/wp\/v2\/categories?post=8620"},{"taxonomy":"post_tag","embeddable":true,"href":"https:\/\/www.newsrecorder.ro\/app\/wp-json\/wp\/v2\/tags?post=8620"}],"curies":[{"name":"wp","href":"https:\/\/api.w.org\/{rel}","templated":true}]}}