{"id":8644,"date":"2026-03-15T18:22:22","date_gmt":"2026-03-15T18:22:22","guid":{"rendered":"https:\/\/www.newsrecorder.ro\/app\/2026\/03\/15\/nemultumire-in-germania-75-cer-actiuni-urgente-impotriva-preturilor\/"},"modified":"2026-03-15T18:22:22","modified_gmt":"2026-03-15T18:22:22","slug":"nemultumire-in-germania-75-cer-actiuni-urgente-impotriva-preturilor","status":"publish","type":"post","link":"https:\/\/www.newsrecorder.ro\/app\/2026\/03\/15\/nemultumire-in-germania-75-cer-actiuni-urgente-impotriva-preturilor\/","title":{"rendered":"Nemul\u021bumire \u00een Germania: 75% cer ac\u021biuni urgente \u00eempotriva pre\u021burilor!"},"content":{"rendered":"<p>De la debutul conflictului militar dintre Iran \u0219i Irak, pre\u021burile combustibililor \u00een Germania au suferit o cre\u0219tere alarmant\u0103: benzin\u0103 cu o medie de 29%, iar motorina cu 44%. Aceast\u0103 situa\u021bie a generat un val de nemul\u021bumire \u00een r\u00e2ndul popula\u021biei, care consider\u0103 c\u0103 gestionarea crizei de c\u0103tre guvern este inadecvat\u0103. <strong><a style=\"color: #ff0000\" href=\"https:\/\/www.mediafax.ro\/stirile-zilei\/germania-introduce-noi-reguli-in-armata-despre-barbi-si-coafuri-dupa-ce-un-sergent-major-a-mers-in-instanta-ca-sa-poarte-parul-lung-23703042\">Germanii<\/a><\/strong> sunt, a\u0219adar, revolta\u021bi, conform unei analize realizate de <strong><a style=\"color: #ff0000\" href=\"https:\/\/www.bild.de\/politik\/inland\/exklusive-umfrage-riesen-spritwut-der-buerger-auf-regierung-69b52fcafc05063917a4b168\">BILD<\/a><\/strong>.<\/p>\n<p>Majoritatea cet\u0103\u021benilor din Germania \u00ee\u0219i exprim\u0103 nemul\u021bumirea fa\u021b\u0103 de reac\u021bia autorit\u0103\u021bilor \u00een fa\u021ba cre\u0219terii bru\u0219te a pre\u021burilor la carburant, o consecin\u021b\u0103 direct\u0103 a conflictului recent. Aceasta este concluzia unui sondaj realizat de institutul Insa, <strong><a style=\"color: #ff0000\" href=\"https:\/\/www.bild.de\/politik\/inland\/exklusive-umfrage-riesen-spritwut-der-buerger-auf-regierung-69b52fcafc05063917a4b168\">\u00een colaborare cu BILD<\/a><\/strong>.<\/p>\n<p>Potrivit cercet\u0103rii, 75% dintre responden\u021bi sus\u021bin c\u0103 autorit\u0103\u021bile nu iau m\u0103suri suficiente pentru a stopa cre\u0219terea pre\u021burilor, \u00een timp ce doar 13% consider\u0103 c\u0103 ac\u021biunile guvernamentale sunt adecvate.<\/p>\n<p>\u00cen fa\u021ba acestei situa\u021bii, popula\u021bia german\u0103 solicit\u0103 solu\u021bii mai eficiente, cum ar fi reducerea impozitelor \u0219i limitarea profiturilor companiilor petroliere. Germanii \u00ee\u0219i exprim\u0103 scepticismul fa\u021b\u0103 de noua ini\u021biativ\u0103 a ministrului Economiei, Katarina Reiche, care propune ca sta\u021biile de alimentare s\u0103 fie autorizate s\u0103 ajusteze pre\u021burile o singur\u0103 dat\u0103 pe zi.<\/p>\n<p>Proiectul de lege urmeaz\u0103 s\u0103 fie discutat \u00een Bundestag s\u0103pt\u0103m\u00e2na viitoare, \u00eens\u0103 doar 22% dintre cei intervieva\u021bi cred c\u0103 aceast\u0103 m\u0103sur\u0103 va avea un impact real asupra pre\u021bului carburantului.<\/p>\n<p>\u00cen acela\u0219i timp, majoritatea popula\u021biei sus\u021bine m\u0103suri mai radicale: 76% sunt \u00een favoarea reducerii impozitelor pe carburan\u021bi, iar 68% consider\u0103 c\u0103 statul ar trebui s\u0103 intervin\u0103 pentru a confiscat profiturile excesive ale companiilor petroliere. \u00cen prezent, conform sondajului, impozitele \u0219i taxele reprezint\u0103 aproximativ 64% din pre\u021bul benzinei.<\/p>\n","protected":false},"excerpt":{"rendered":"<p>De la debutul conflictului militar dintre Iran \u0219i Irak, pre\u021burile combustibililor \u00een Germania au suferit o cre\u0219tere alarmant\u0103: benzin\u0103 cu o medie de 29%, iar motorina cu 44%. Aceast\u0103 situa\u021bie a generat un val de nemul\u021bumire \u00een r\u00e2ndul popula\u021biei, care consider\u0103 c\u0103 gestionarea crizei de c\u0103tre guvern este inadecvat\u0103. Germanii sunt, a\u0219adar, revolta\u021bi, conform unei [&hellip;]<\/p>\n","protected":false},"author":4,"featured_media":8645,"comment_status":"open","ping_status":"open","sticky":false,"template":"","format":"standard","meta":{"jnews-multi-image_gallery":[],"jnews_single_post":[],"jnews_primary_category":[],"jnews_override_counter":[],"footnotes":""},"categories":[40],"tags":[8944,2403,676,301,3462,913,3582,535],"class_list":["post-8644","post","type-post","status-publish","format-standard","has-post-thumbnail","hentry","category-econonie","tag-combustibili","tag-criza","tag-germania","tag-guvern","tag-irak","tag-iran","tag-nemultumire","tag-preturi"],"_links":{"self":[{"href":"https:\/\/www.newsrecorder.ro\/app\/wp-json\/wp\/v2\/posts\/8644","targetHints":{"allow":["GET"]}}],"collection":[{"href":"https:\/\/www.newsrecorder.ro\/app\/wp-json\/wp\/v2\/posts"}],"about":[{"href":"https:\/\/www.newsrecorder.ro\/app\/wp-json\/wp\/v2\/types\/post"}],"author":[{"embeddable":true,"href":"https:\/\/www.newsrecorder.ro\/app\/wp-json\/wp\/v2\/users\/4"}],"replies":[{"embeddable":true,"href":"https:\/\/www.newsrecorder.ro\/app\/wp-json\/wp\/v2\/comments?post=8644"}],"version-history":[{"count":0,"href":"https:\/\/www.newsrecorder.ro\/app\/wp-json\/wp\/v2\/posts\/8644\/revisions"}],"wp:featuredmedia":[{"embeddable":true,"href":"https:\/\/www.newsrecorder.ro\/app\/wp-json\/wp\/v2\/media\/8645"}],"wp:attachment":[{"href":"https:\/\/www.newsrecorder.ro\/app\/wp-json\/wp\/v2\/media?parent=8644"}],"wp:term":[{"taxonomy":"category","embeddable":true,"href":"https:\/\/www.newsrecorder.ro\/app\/wp-json\/wp\/v2\/categories?post=8644"},{"taxonomy":"post_tag","embeddable":true,"href":"https:\/\/www.newsrecorder.ro\/app\/wp-json\/wp\/v2\/tags?post=8644"}],"curies":[{"name":"wp","href":"https:\/\/api.w.org\/{rel}","templated":true}]}}