{"id":8662,"date":"2026-03-15T20:11:20","date_gmt":"2026-03-15T20:11:20","guid":{"rendered":"https:\/\/www.newsrecorder.ro\/app\/2026\/03\/15\/cod-galben-de-vant-avertizari-meteo-pentru-judete-din-romania\/"},"modified":"2026-03-15T20:11:20","modified_gmt":"2026-03-15T20:11:20","slug":"cod-galben-de-vant-avertizari-meteo-pentru-judete-din-romania","status":"publish","type":"post","link":"https:\/\/www.newsrecorder.ro\/app\/2026\/03\/15\/cod-galben-de-vant-avertizari-meteo-pentru-judete-din-romania\/","title":{"rendered":"Cod galben de v\u00e2nt: Avertiz\u0103ri meteo pentru jude\u021be din Rom\u00e2nia!"},"content":{"rendered":"<p class=\"font-claude-response-body break-words whitespace-normal leading-[1.7]\">\u00cencep\u00e2nd de vineri sear\u0103, jude\u021bul Cara\u0219-Severin se afl\u0103 sub inciden\u021ba unui cod galben de v\u00e2nt, conform anun\u021bului emis de Administra\u021bia Na\u021bional\u0103 de Meteorologie (ANM). Aceast\u0103 avertizare preconizeaz\u0103 intensific\u0103ri ale v\u00e2ntului cu viteze de 50-60 km\/h, iar \u00een anumite zone, rafalele pot atinge valori de 65-70 km\/h.<\/p>\n<p class=\"font-claude-response-body break-words whitespace-normal leading-[1.7]\">Avertizarea meteorologic\u0103 va r\u0103m\u00e2ne \u00een vigoare timp de aproape dou\u0103 zile, fiind valabil\u0103 p\u00e2n\u0103 duminic\u0103, 15 martie, la ora 14:00.<\/p>\n<p class=\"font-claude-response-body break-words whitespace-normal leading-[1.7]\">Pe l\u00e2ng\u0103 codul galben, ANM a emis \u0219i o informare meteorologic\u0103 general\u0103 valabil\u0103 \u00eentre 13 martie, ora 10:00, \u0219i 15 martie, ora 20:00. Aceasta precizeaz\u0103 c\u0103 v\u00e2ntul va experimenta intensific\u0103ri \u00een diverse regiuni ale \u021b\u0103rii:<\/p>\n<ul class=\"[li_&amp;]:mb-0 [li_&amp;]:mt-1 [li_&amp;]:gap-1 [&amp;:not(:last-child)_ul]:pb-1 [&amp;:not(:last-child)_ol]:pb-1 list-disc flex flex-col gap-1 pl-8 mb-3\">\n<li class=\"whitespace-normal break-words pl-2\"><strong>Sudul Banatului<\/strong> \u2013 viteze de 40-45 km\/h<\/li>\n<li class=\"whitespace-normal break-words pl-2\"><strong>Nordul Moldovei<\/strong> \u2013 viteze de 40-45 km\/h<\/li>\n<li class=\"whitespace-normal break-words pl-2\"><strong>Transilvania<\/strong> \u2013 intensific\u0103ri pe arii restr\u00e2nse<\/li>\n<li class=\"whitespace-normal break-words pl-2\"><strong>Nord-estul Munteniei<\/strong> \u2013 afectat \u00eencep\u00e2nd de duminic\u0103, 15 martie<\/li>\n<\/ul>\n<p class=\"font-claude-response-body break-words whitespace-normal leading-[1.7]\">\u00cen zonele montane, v\u00e2ntul va fi \u0219i mai puternic, cu rafale estimate \u00eentre 60 \u0219i 80 km\/h, \u00een special pe crestele Carpa\u021bilor Meridionali \u0219i \u00een Mun\u021bii Banatului.<\/p>\n","protected":false},"excerpt":{"rendered":"<p>\u00cencep\u00e2nd de vineri sear\u0103, jude\u021bul Cara\u0219-Severin se afl\u0103 sub inciden\u021ba unui cod galben de v\u00e2nt, conform anun\u021bului emis de Administra\u021bia Na\u021bional\u0103 de Meteorologie (ANM). Aceast\u0103 avertizare preconizeaz\u0103 intensific\u0103ri ale v\u00e2ntului cu viteze de 50-60 km\/h, iar \u00een anumite zone, rafalele pot atinge valori de 65-70 km\/h. Avertizarea meteorologic\u0103 va r\u0103m\u00e2ne \u00een vigoare timp de aproape [&hellip;]<\/p>\n","protected":false},"author":5,"featured_media":8663,"comment_status":"open","ping_status":"open","sticky":false,"template":"","format":"standard","meta":{"jnews-multi-image_gallery":[],"jnews_single_post":[],"jnews_primary_category":[],"jnews_override_counter":[],"footnotes":""},"categories":[45],"tags":[150,1563,196,1422,5156,5680,137,742],"class_list":["post-8662","post","type-post","status-publish","format-standard","has-post-thumbnail","hentry","category-meteo","tag-anm","tag-avertizare-meteorologica","tag-cod-galben","tag-intensificari","tag-judetul-caras-severin","tag-rafale","tag-vant","tag-zone-montane"],"_links":{"self":[{"href":"https:\/\/www.newsrecorder.ro\/app\/wp-json\/wp\/v2\/posts\/8662","targetHints":{"allow":["GET"]}}],"collection":[{"href":"https:\/\/www.newsrecorder.ro\/app\/wp-json\/wp\/v2\/posts"}],"about":[{"href":"https:\/\/www.newsrecorder.ro\/app\/wp-json\/wp\/v2\/types\/post"}],"author":[{"embeddable":true,"href":"https:\/\/www.newsrecorder.ro\/app\/wp-json\/wp\/v2\/users\/5"}],"replies":[{"embeddable":true,"href":"https:\/\/www.newsrecorder.ro\/app\/wp-json\/wp\/v2\/comments?post=8662"}],"version-history":[{"count":0,"href":"https:\/\/www.newsrecorder.ro\/app\/wp-json\/wp\/v2\/posts\/8662\/revisions"}],"wp:featuredmedia":[{"embeddable":true,"href":"https:\/\/www.newsrecorder.ro\/app\/wp-json\/wp\/v2\/media\/8663"}],"wp:attachment":[{"href":"https:\/\/www.newsrecorder.ro\/app\/wp-json\/wp\/v2\/media?parent=8662"}],"wp:term":[{"taxonomy":"category","embeddable":true,"href":"https:\/\/www.newsrecorder.ro\/app\/wp-json\/wp\/v2\/categories?post=8662"},{"taxonomy":"post_tag","embeddable":true,"href":"https:\/\/www.newsrecorder.ro\/app\/wp-json\/wp\/v2\/tags?post=8662"}],"curies":[{"name":"wp","href":"https:\/\/api.w.org\/{rel}","templated":true}]}}