{"id":8670,"date":"2026-03-15T20:12:24","date_gmt":"2026-03-15T20:12:24","guid":{"rendered":"https:\/\/www.newsrecorder.ro\/app\/2026\/03\/15\/atentie-vant-puternic-in-sud-vest-si-zone-montane-in-zilele-urmatoare-2\/"},"modified":"2026-03-15T20:12:24","modified_gmt":"2026-03-15T20:12:24","slug":"atentie-vant-puternic-in-sud-vest-si-zone-montane-in-zilele-urmatoare-2","status":"publish","type":"post","link":"https:\/\/www.newsrecorder.ro\/app\/2026\/03\/15\/atentie-vant-puternic-in-sud-vest-si-zone-montane-in-zilele-urmatoare-2\/","title":{"rendered":"Aten\u021bie! V\u00e2nt puternic \u00een sud-vest \u0219i zone montane \u00een zilele urm\u0103toare!"},"content":{"rendered":"<p>Administra\u021bia Na\u021bional\u0103 de Meteorologie (ANM) a emis duminic\u0103 o informare meteorologic\u0103 important\u0103, valabil\u0103 \u00een perioada 8 martie, ora 20:00, p\u00e2n\u0103 pe 10 martie, ora 22:00. Aceasta se refer\u0103 la intensific\u0103ri ale v\u00e2ntului ce vor afecta mai multe regiuni din Rom\u00e2nia.<\/p>\n<p>Conform speciali\u0219tilor ANM, v\u00e2ntul va prezenta intensific\u0103ri temporare \u00een sud-vestul \u021b\u0103rii \u0219i \u00een zona Carpa\u021bilor Meridionali. \u00cen data de 10 martie, aceste intensific\u0103ri vor fi resim\u021bite \u0219i \u00een Moldova. Meteorologii estimeaz\u0103 c\u0103 vitezele v\u00e2ntului vor fi, \u00een general, cuprinse \u00eentre 40 \u0219i 50 km\/h, iar \u00een zonele montane \u00eenalte, rafalele vor putea ajunge la 60-80 km\/h.<\/p>\n<p>De asemenea, ANM a emis o aten\u021bionare de tip cod galben pentru jude\u021bul Cara\u0219-Severin, valabil\u0103 \u00eentre 8 martie, ora 22:00, \u0219i 10 martie, ora 22:00. \u00cen acest interval, se preconizeaz\u0103 c\u0103 v\u00e2ntul va avea intensific\u0103ri locale, cu viteze de 50-65 km\/h, iar \u00een anumite zone izolate, vitezele pot atinge 70 km\/h.<\/p>\n<p>Meteorologii recomand\u0103 popula\u021biei s\u0103 manifeste pruden\u021b\u0103, \u00een special \u00een zonele montane \u0219i \u00een jude\u021bele afectate de aceast\u0103 aten\u021bionare. Este indicat s\u0103 se evite deplas\u0103rile \u00een condi\u021bii de v\u00e2nt puternic \u0219i s\u0103 se asigure corespunz\u0103tor bunurile \u0219i vehiculele aflate \u00een aer liber.<\/p>\n","protected":false},"excerpt":{"rendered":"<p>Administra\u021bia Na\u021bional\u0103 de Meteorologie (ANM) a emis duminic\u0103 o informare meteorologic\u0103 important\u0103, valabil\u0103 \u00een perioada 8 martie, ora 20:00, p\u00e2n\u0103 pe 10 martie, ora 22:00. Aceasta se refer\u0103 la intensific\u0103ri ale v\u00e2ntului ce vor afecta mai multe regiuni din Rom\u00e2nia. Conform speciali\u0219tilor ANM, v\u00e2ntul va prezenta intensific\u0103ri temporare \u00een sud-vestul \u021b\u0103rii \u0219i \u00een zona Carpa\u021bilor [&hellip;]<\/p>\n","protected":false},"author":5,"featured_media":8671,"comment_status":"open","ping_status":"open","sticky":false,"template":"","format":"standard","meta":{"jnews-multi-image_gallery":[],"jnews_single_post":[],"jnews_primary_category":[],"jnews_override_counter":[],"footnotes":""},"categories":[45],"tags":[10634,10107,196,1422,133,132,149,137],"class_list":["post-8670","post","type-post","status-publish","format-standard","has-post-thumbnail","hentry","category-meteo","tag-atentionare","tag-caras-severin","tag-cod-galben","tag-intensificari","tag-meteorologie","tag-prognoza","tag-romania","tag-vant"],"_links":{"self":[{"href":"https:\/\/www.newsrecorder.ro\/app\/wp-json\/wp\/v2\/posts\/8670","targetHints":{"allow":["GET"]}}],"collection":[{"href":"https:\/\/www.newsrecorder.ro\/app\/wp-json\/wp\/v2\/posts"}],"about":[{"href":"https:\/\/www.newsrecorder.ro\/app\/wp-json\/wp\/v2\/types\/post"}],"author":[{"embeddable":true,"href":"https:\/\/www.newsrecorder.ro\/app\/wp-json\/wp\/v2\/users\/5"}],"replies":[{"embeddable":true,"href":"https:\/\/www.newsrecorder.ro\/app\/wp-json\/wp\/v2\/comments?post=8670"}],"version-history":[{"count":0,"href":"https:\/\/www.newsrecorder.ro\/app\/wp-json\/wp\/v2\/posts\/8670\/revisions"}],"wp:featuredmedia":[{"embeddable":true,"href":"https:\/\/www.newsrecorder.ro\/app\/wp-json\/wp\/v2\/media\/8671"}],"wp:attachment":[{"href":"https:\/\/www.newsrecorder.ro\/app\/wp-json\/wp\/v2\/media?parent=8670"}],"wp:term":[{"taxonomy":"category","embeddable":true,"href":"https:\/\/www.newsrecorder.ro\/app\/wp-json\/wp\/v2\/categories?post=8670"},{"taxonomy":"post_tag","embeddable":true,"href":"https:\/\/www.newsrecorder.ro\/app\/wp-json\/wp\/v2\/tags?post=8670"}],"curies":[{"name":"wp","href":"https:\/\/api.w.org\/{rel}","templated":true}]}}