{"id":8676,"date":"2026-03-15T20:13:02","date_gmt":"2026-03-15T20:13:02","guid":{"rendered":"https:\/\/www.newsrecorder.ro\/app\/2026\/03\/15\/alerta-meteo-vant-puternic-loveste-moldova-si-muntenia-joi-si-vineri\/"},"modified":"2026-03-15T20:13:02","modified_gmt":"2026-03-15T20:13:02","slug":"alerta-meteo-vant-puternic-loveste-moldova-si-muntenia-joi-si-vineri","status":"publish","type":"post","link":"https:\/\/www.newsrecorder.ro\/app\/2026\/03\/15\/alerta-meteo-vant-puternic-loveste-moldova-si-muntenia-joi-si-vineri\/","title":{"rendered":"Alert\u0103 meteo: V\u00e2nt puternic loveste Moldova \u0219i Muntenia joi \u0219i vineri!"},"content":{"rendered":"<p>Conform prognozei meteo furnizate de ANM, joi se a\u0219teapt\u0103 ca v\u00e2ntul s\u0103 se intensifice temporar \u00een nordul \u0219i centrul Moldovei, ating\u00e2nd viteze de 40-45 km\/h.<\/p>\n<p>\u00cen ziua de vineri, rafalele se vor muta spre nord-estul Munteniei \u0219i sudul Dobrogei, unde se preconizeaz\u0103 viteze similare. Pe crestele Carpa\u021bilor de Curbur\u0103 \u0219i Meridionali, v\u00e2ntul va putea atinge valori considerabile, de 60-65 km\/h.<\/p>\n<p>De asemenea, vineri, 6 martie, este \u00een vigoare o avertizare de Cod galben, valabil\u0103 \u00eentre orele 08:00 \u0219i 20:00. Zonele afectate de aceast\u0103 avertizare se afl\u0103 \u00een Moldova \u0219i nordul Dobrogei, unde v\u00e2ntul va sufl\u0103 cu intensific\u0103ri de 50-65 km\/h.<\/p>\n<p>Astfel, se recomand\u0103 precau\u021bie \u00een aceste regiuni, dat fiind faptul c\u0103 v\u00e2ntul puternic poate provoca disconfort \u0219i posibile daune.<\/p>\n","protected":false},"excerpt":{"rendered":"<p>Conform prognozei meteo furnizate de ANM, joi se a\u0219teapt\u0103 ca v\u00e2ntul s\u0103 se intensifice temporar \u00een nordul \u0219i centrul Moldovei, ating\u00e2nd viteze de 40-45 km\/h. \u00cen ziua de vineri, rafalele se vor muta spre nord-estul Munteniei \u0219i sudul Dobrogei, unde se preconizeaz\u0103 viteze similare. Pe crestele Carpa\u021bilor de Curbur\u0103 \u0219i Meridionali, v\u00e2ntul va putea atinge [&hellip;]<\/p>\n","protected":false},"author":5,"featured_media":8677,"comment_status":"open","ping_status":"open","sticky":false,"template":"","format":"standard","meta":{"jnews-multi-image_gallery":[],"jnews_single_post":[],"jnews_primary_category":[],"jnews_override_counter":[],"footnotes":""},"categories":[45],"tags":[10338,1145,2253,11513,871,141,137,11514],"class_list":["post-8676","post","type-post","status-publish","format-standard","has-post-thumbnail","hentry","category-meteo","tag-avertizare-cod-galben","tag-carpati","tag-dobrogea","tag-intensificare","tag-moldova","tag-prognoza-meteo","tag-vant","tag-viteze"],"_links":{"self":[{"href":"https:\/\/www.newsrecorder.ro\/app\/wp-json\/wp\/v2\/posts\/8676","targetHints":{"allow":["GET"]}}],"collection":[{"href":"https:\/\/www.newsrecorder.ro\/app\/wp-json\/wp\/v2\/posts"}],"about":[{"href":"https:\/\/www.newsrecorder.ro\/app\/wp-json\/wp\/v2\/types\/post"}],"author":[{"embeddable":true,"href":"https:\/\/www.newsrecorder.ro\/app\/wp-json\/wp\/v2\/users\/5"}],"replies":[{"embeddable":true,"href":"https:\/\/www.newsrecorder.ro\/app\/wp-json\/wp\/v2\/comments?post=8676"}],"version-history":[{"count":0,"href":"https:\/\/www.newsrecorder.ro\/app\/wp-json\/wp\/v2\/posts\/8676\/revisions"}],"wp:featuredmedia":[{"embeddable":true,"href":"https:\/\/www.newsrecorder.ro\/app\/wp-json\/wp\/v2\/media\/8677"}],"wp:attachment":[{"href":"https:\/\/www.newsrecorder.ro\/app\/wp-json\/wp\/v2\/media?parent=8676"}],"wp:term":[{"taxonomy":"category","embeddable":true,"href":"https:\/\/www.newsrecorder.ro\/app\/wp-json\/wp\/v2\/categories?post=8676"},{"taxonomy":"post_tag","embeddable":true,"href":"https:\/\/www.newsrecorder.ro\/app\/wp-json\/wp\/v2\/tags?post=8676"}],"curies":[{"name":"wp","href":"https:\/\/api.w.org\/{rel}","templated":true}]}}