{"id":8694,"date":"2026-03-15T20:42:48","date_gmt":"2026-03-15T20:42:48","guid":{"rendered":"https:\/\/www.newsrecorder.ro\/app\/2026\/03\/15\/jurgen-habermas-titan-al-gandirii-germane-a-murit-la-96-de-ani\/"},"modified":"2026-03-15T20:42:48","modified_gmt":"2026-03-15T20:42:48","slug":"jurgen-habermas-titan-al-gandirii-germane-a-murit-la-96-de-ani","status":"publish","type":"post","link":"https:\/\/www.newsrecorder.ro\/app\/2026\/03\/15\/jurgen-habermas-titan-al-gandirii-germane-a-murit-la-96-de-ani\/","title":{"rendered":"J\u00fcrgen Habermas, titan al g\u00e2ndirii germane, a murit la 96 de ani"},"content":{"rendered":"<p>Unul dintre cei mai influen\u021bi intelectuali ai secolului XX, J\u00fcrgen Habermas a l\u0103sat o amprent\u0103 de ne\u0219ters asupra dezbaterii politice \u0219i intelectuale din Germania, activ\u00e2nd timp de peste \u0219apte decenii.<\/p>\n<p>Conceptele sale referitoare la democra\u021bie, spa\u021biul public \u0219i construirea consensului politic au avut un impact profund asupra societ\u0103\u021bii germane postbelice, model\u00e2nd discu\u021biile \u0219i orient\u0103rile acesteia.<\/p>\n<p>N\u0103scut pe 18 iunie 1929 \u00eentr-o familie de burghezi \u00een D\u00fcsseldorf, Habermas a urmat studii \u00een domeniul filosofiei, psihologiei, literaturii germane \u0219i economiei la universit\u0103\u021bile din G\u00f6ttingen, Z\u00fcrich \u0219i Bonn.<\/p>\n<p>Printre cele mai notabile lucr\u0103ri ale sale se num\u0103r\u0103 \u201eTransformarea structural\u0103 a sferei publice\u201d (1962) \u0219i \u201eTeoria ac\u021biunii comunicative\u201d (1981), ambele fiind considerate texte fundamentale \u00een filosofia contemporan\u0103.<\/p>\n<p>Habermas a fost un participant activ \u00een discu\u021biile publice esen\u021biale din Germania, inclusiv \u00een controversa din anii &#8217;80 legat\u0103 de interpretarea Holocaustului. El a argumentat c\u0103 asumarea responsabilit\u0103\u021bii pentru trecutul nazist ar trebui s\u0103 r\u0103m\u00e2n\u0103 un aspect central al identit\u0103\u021bii germane.<\/p>\n<p>\u00cen ultimele decenii, el a pledat pentru integrarea european\u0103 \u0219i a tras semnale de alarm\u0103 cu privire la riscurile revenirii na\u021bionalismului \u0219i militarismului \u00een Germania.<\/p>\n","protected":false},"excerpt":{"rendered":"<p>Unul dintre cei mai influen\u021bi intelectuali ai secolului XX, J\u00fcrgen Habermas a l\u0103sat o amprent\u0103 de ne\u0219ters asupra dezbaterii politice \u0219i intelectuale din Germania, activ\u00e2nd timp de peste \u0219apte decenii. Conceptele sale referitoare la democra\u021bie, spa\u021biul public \u0219i construirea consensului politic au avut un impact profund asupra societ\u0103\u021bii germane postbelice, model\u00e2nd discu\u021biile \u0219i orient\u0103rile acesteia. [&hellip;]<\/p>\n","protected":false},"author":7,"featured_media":8695,"comment_status":"open","ping_status":"open","sticky":false,"template":"","format":"standard","meta":{"jnews-multi-image_gallery":[],"jnews_single_post":[],"jnews_primary_category":[],"jnews_override_counter":[],"footnotes":""},"categories":[43],"tags":[11307,288,11515,676,11306,11516,3075,8532],"class_list":["post-8694","post","type-post","status-publish","format-standard","has-post-thumbnail","hentry","category-cultura","tag-consens-politic","tag-democratie","tag-filozofie","tag-germania","tag-jurgen-habermas","tag-lucrari-fundamentale","tag-secolul-xx","tag-spatiu-public"],"_links":{"self":[{"href":"https:\/\/www.newsrecorder.ro\/app\/wp-json\/wp\/v2\/posts\/8694","targetHints":{"allow":["GET"]}}],"collection":[{"href":"https:\/\/www.newsrecorder.ro\/app\/wp-json\/wp\/v2\/posts"}],"about":[{"href":"https:\/\/www.newsrecorder.ro\/app\/wp-json\/wp\/v2\/types\/post"}],"author":[{"embeddable":true,"href":"https:\/\/www.newsrecorder.ro\/app\/wp-json\/wp\/v2\/users\/7"}],"replies":[{"embeddable":true,"href":"https:\/\/www.newsrecorder.ro\/app\/wp-json\/wp\/v2\/comments?post=8694"}],"version-history":[{"count":0,"href":"https:\/\/www.newsrecorder.ro\/app\/wp-json\/wp\/v2\/posts\/8694\/revisions"}],"wp:featuredmedia":[{"embeddable":true,"href":"https:\/\/www.newsrecorder.ro\/app\/wp-json\/wp\/v2\/media\/8695"}],"wp:attachment":[{"href":"https:\/\/www.newsrecorder.ro\/app\/wp-json\/wp\/v2\/media?parent=8694"}],"wp:term":[{"taxonomy":"category","embeddable":true,"href":"https:\/\/www.newsrecorder.ro\/app\/wp-json\/wp\/v2\/categories?post=8694"},{"taxonomy":"post_tag","embeddable":true,"href":"https:\/\/www.newsrecorder.ro\/app\/wp-json\/wp\/v2\/tags?post=8694"}],"curies":[{"name":"wp","href":"https:\/\/api.w.org\/{rel}","templated":true}]}}