{"id":8700,"date":"2026-03-15T20:43:59","date_gmt":"2026-03-15T20:43:59","guid":{"rendered":"https:\/\/www.newsrecorder.ro\/app\/2026\/03\/15\/franta-restituie-coastei-de-fildes-o-toba-sacra-din-epoca-coloniala\/"},"modified":"2026-03-15T20:43:59","modified_gmt":"2026-03-15T20:43:59","slug":"franta-restituie-coastei-de-fildes-o-toba-sacra-din-epoca-coloniala","status":"publish","type":"post","link":"https:\/\/www.newsrecorder.ro\/app\/2026\/03\/15\/franta-restituie-coastei-de-fildes-o-toba-sacra-din-epoca-coloniala\/","title":{"rendered":"Fran\u021ba restituie Coastei de Filde\u0219 o tob\u0103 sacr\u0103 din epoca colonial\u0103"},"content":{"rendered":"<p>Recent, Fran\u021ba a realizat prima returnare de artefacte c\u0103tre Coasta de Filde\u0219, un pas semnificativ \u00een cadrul unei ini\u021biative mai largi a guvernelor europene \u0219i occidentale de a restitui obiecte de valoare cultural\u0103, dup\u0103 decenii de opozi\u021bie, informeaz\u0103 <a href=\"https:\/\/apnews.com\/article\/ivory-coast-france-artifact-colonial-era-abidjan-f6a5c6b75eb11655dfe1883519eb91fe\" target=\"_blank\" rel=\"noopener\">AP<\/a>.<\/p>\n<p>Printre obiectele restituite se num\u0103r\u0103 Djidji Ay\u00f4kw\u00e9, o tob\u0103 masiv\u0103 din lemn sculptat, utilizat\u0103 odinioar\u0103 de comunitatea Atchan din regiunea Abidjan pentru a comunica \u00eentre sate. Acest artefact a fost confiscat de autorit\u0103\u021bile coloniale franceze \u00een anul 1916 \u0219i face parte dintr-un grup de cel pu\u021bin 140 de artefacte pe care Coasta de Filde\u0219 le-a solicitat Fran\u021bei \u00een vederea restituirii.<\/p>\n<p>\u201eAceasta este o zi istoric\u0103 \u0219i un moment de dreptate \u0219i comemorare\u201d, a declarat Fran\u00e7oise Remarck, ministrul Culturii din Coasta de Filde\u0219, \u00een cadrul unei ceremonii organizate pentru primirea artefactului la Aeroportul Interna\u021bional F\u00e9lix Houphou\u00ebt-Boigny.<\/p>\n<p>Toba, cunoscut\u0103 sub numele de \u201eleu-panter\u0103\u201d, are o lungime de aproximativ 3,4 metri \u0219i c\u00e2nt\u0103re\u0219te \u00een jur de 400 kg. <strong>Istoricii subliniaz\u0103 importan\u021ba acesteia \u00een avertizarea satelor cu privire la recrut\u0103rile pentru munc\u0103 for\u021bat\u0103, impuse de autorit\u0103\u021bile coloniale.<\/strong><\/p>\n","protected":false},"excerpt":{"rendered":"<p>Recent, Fran\u021ba a realizat prima returnare de artefacte c\u0103tre Coasta de Filde\u0219, un pas semnificativ \u00een cadrul unei ini\u021biative mai largi a guvernelor europene \u0219i occidentale de a restitui obiecte de valoare cultural\u0103, dup\u0103 decenii de opozi\u021bie, informeaz\u0103 AP. Printre obiectele restituite se num\u0103r\u0103 Djidji Ay\u00f4kw\u00e9, o tob\u0103 masiv\u0103 din lemn sculptat, utilizat\u0103 odinioar\u0103 de [&hellip;]<\/p>\n","protected":false},"author":7,"featured_media":8701,"comment_status":"open","ping_status":"open","sticky":false,"template":"","format":"standard","meta":{"jnews-multi-image_gallery":[],"jnews_single_post":[],"jnews_primary_category":[],"jnews_override_counter":[],"footnotes":""},"categories":[43],"tags":[11264,3446,11266,11525,473,1319,1009,11524],"class_list":["post-8700","post","type-post","status-publish","format-standard","has-post-thumbnail","hentry","category-cultura","tag-coasta-de-fildes","tag-colonizare","tag-djidji-ayokwe","tag-dreptate-culturala","tag-franta","tag-justitie","tag-patrimoniu-cultural","tag-returnare-artefacte"],"_links":{"self":[{"href":"https:\/\/www.newsrecorder.ro\/app\/wp-json\/wp\/v2\/posts\/8700","targetHints":{"allow":["GET"]}}],"collection":[{"href":"https:\/\/www.newsrecorder.ro\/app\/wp-json\/wp\/v2\/posts"}],"about":[{"href":"https:\/\/www.newsrecorder.ro\/app\/wp-json\/wp\/v2\/types\/post"}],"author":[{"embeddable":true,"href":"https:\/\/www.newsrecorder.ro\/app\/wp-json\/wp\/v2\/users\/7"}],"replies":[{"embeddable":true,"href":"https:\/\/www.newsrecorder.ro\/app\/wp-json\/wp\/v2\/comments?post=8700"}],"version-history":[{"count":0,"href":"https:\/\/www.newsrecorder.ro\/app\/wp-json\/wp\/v2\/posts\/8700\/revisions"}],"wp:featuredmedia":[{"embeddable":true,"href":"https:\/\/www.newsrecorder.ro\/app\/wp-json\/wp\/v2\/media\/8701"}],"wp:attachment":[{"href":"https:\/\/www.newsrecorder.ro\/app\/wp-json\/wp\/v2\/media?parent=8700"}],"wp:term":[{"taxonomy":"category","embeddable":true,"href":"https:\/\/www.newsrecorder.ro\/app\/wp-json\/wp\/v2\/categories?post=8700"},{"taxonomy":"post_tag","embeddable":true,"href":"https:\/\/www.newsrecorder.ro\/app\/wp-json\/wp\/v2\/tags?post=8700"}],"curies":[{"name":"wp","href":"https:\/\/api.w.org\/{rel}","templated":true}]}}