{"id":8702,"date":"2026-03-15T20:44:18","date_gmt":"2026-03-15T20:44:18","guid":{"rendered":"https:\/\/www.newsrecorder.ro\/app\/2026\/03\/15\/mesajul-ministrului-apararii-romania-partener-de-incredere-pentru-sua\/"},"modified":"2026-03-15T20:44:18","modified_gmt":"2026-03-15T20:44:18","slug":"mesajul-ministrului-apararii-romania-partener-de-incredere-pentru-sua","status":"publish","type":"post","link":"https:\/\/www.newsrecorder.ro\/app\/2026\/03\/15\/mesajul-ministrului-apararii-romania-partener-de-incredere-pentru-sua\/","title":{"rendered":"&#8222;Mesajul ministrului Ap\u0103r\u0103rii: Rom\u00e2nia, partener de \u00eencredere pentru SUA!&#8221;"},"content":{"rendered":"<p>Ministrul Ap\u0103r\u0103rii Na\u021bionale, <a href=\"https:\/\/www.mediafax.ro\/politic\/radu-miruta-sporirea-capacitatii-de-aparare-este-o-responsabilitate-nu-un-moft-23701175\">Radu Miru\u021b\u0103<\/a>, a avut recent o \u00eent\u00e2lnire cu noul ambasador al Statelor Unite ale Americii la Bucure\u0219ti, Darryl Nirenberg. Aceast\u0103 discu\u021bie a fost dedicat\u0103 consolid\u0103rii cooper\u0103rii \u00een domeniul ap\u0103r\u0103rii \u0219i analiz\u0103rii evolu\u021biilor de securitate din regiune.<\/p>\n<p>Conform ministrului, dialogul a fost unul \u201efoarte deschis\u201d, iar \u00eent\u00e2lnirea a marcat debutul mandatului noului diplomat american \u00een Rom\u00e2nia.<\/p>\n<p>\u00cen cadrul \u00eent\u00e2lnirii, cei doi oficiali au discutat despre cooperarea militar\u0103 bilateral\u0103, \u00eent\u0103rirea NATO pe Flancul Estic, precum \u0219i despre evolu\u021biile din mediul de securitate regional \u0219i interna\u021bional. De asemenea, au fost abordate subiecte legate de sprijinul acordat Ucrainei \u0219i implica\u021biile conflictelor actuale asupra stabilit\u0103\u021bii globale.<\/p>\n<p>Miru\u021b\u0103 a subliniat importan\u021ba parteneriatului, afirm\u00e2nd: \u201eRom\u00e2nia \u0219i Statele Unite au construit, \u00een timp, un parteneriat solid, demonstrat prin fapte \u0219i prin proiecte concrete, nu doar prin declara\u021bii\u201d, pe contul s\u0103u oficial de socializare.<\/p>\n<p>\u201eAm avut ast\u0103zi o discu\u021bie foarte deschis\u0103 cu E.S. Darryl Nirenberg, noul ambasador al Statelor Unite ale Americii \u00een Rom\u00e2nia, c\u0103ruia i-am urat succes la \u00eenceput de mandat\u201d, a declarat Miru\u021b\u0103, subliniind temele discutate, inclusiv \u00eent\u0103rirea Flancului Estic al NATO \u0219i evolu\u021biile din mediul de securitate regional \u0219i interna\u021bional.<\/p>\n<p>Ministrul a accentuat angajamentele Rom\u00e2niei \u00een cadrul NATO, chiar \u0219i \u00eentr-un context economic dificil, afirm\u00e2nd: \u201eRom\u00e2nia r\u0103m\u00e2ne un sus\u021bin\u0103tor ferm al Parteneriatului Strategic cu Statele Unite \u0219i al rela\u021biei transatlantice. Chiar \u0219i \u00eentr-un context fiscal complicat, ne respect\u0103m angajamentele asumate \u00een cadrul NATO \u0219i continu\u0103m s\u0103 investim \u00een securitatea \u0219i ap\u0103rarea noastr\u0103. Rom\u00e2nia a ar\u0103tat c\u0103 este un partener de \u00eencredere \u0219i serios.\u201d<\/p>\n<p>\u00cen postarea sa, Miru\u021b\u0103 a reiterat rolul esen\u021bial al prezen\u021bei militare americane \u00een Rom\u00e2nia, subliniind c\u0103 aceasta, \u00eempreun\u0103 cu investi\u021biile SUA \u00een domenii strategice \u0219i tehnologice, contribuie direct la \u00eent\u0103rirea securit\u0103\u021bii na\u021bionale \u0219i a pozi\u021biei \u021b\u0103rii noastre \u00een cadrul NATO \u0219i al comunit\u0103\u021bii euro-atlantice.<\/p>\n<p>\u201eParteneriatul strategic dintre Rom\u00e2nia \u0219i SUA r\u0103m\u00e2ne un pilon esen\u021bial pentru stabilitatea \u0219i securitatea regiunii noastre\u201d, a concluzionat ministrul Ap\u0103r\u0103rii, eviden\u021biind importan\u021ba acestei alian\u021be \u00een contextul actual de securitate.<\/p>\n","protected":false},"excerpt":{"rendered":"<p>Ministrul Ap\u0103r\u0103rii Na\u021bionale, Radu Miru\u021b\u0103, a avut recent o \u00eent\u00e2lnire cu noul ambasador al Statelor Unite ale Americii la Bucure\u0219ti, Darryl Nirenberg. Aceast\u0103 discu\u021bie a fost dedicat\u0103 consolid\u0103rii cooper\u0103rii \u00een domeniul ap\u0103r\u0103rii \u0219i analiz\u0103rii evolu\u021biilor de securitate din regiune. Conform ministrului, dialogul a fost unul \u201efoarte deschis\u201d, iar \u00eent\u00e2lnirea a marcat debutul mandatului noului diplomat [&hellip;]<\/p>\n","protected":false},"author":2,"featured_media":8703,"comment_status":"open","ping_status":"open","sticky":false,"template":"","format":"standard","meta":{"jnews-multi-image_gallery":[],"jnews_single_post":[],"jnews_primary_category":[],"jnews_override_counter":[],"footnotes":""},"categories":[42],"tags":[11526,9556,472,352,11527,4739,3284,11528],"class_list":["post-8702","post","type-post","status-publish","format-standard","has-post-thumbnail","hentry","category-politica","tag-ambasadorul-statelor-unite","tag-cooperare-militara","tag-ministerul-apararii","tag-nato","tag-parteneriat-romania-statele-unite","tag-radu-miruta","tag-securitate-regionala","tag-sprijin-ucraina"],"_links":{"self":[{"href":"https:\/\/www.newsrecorder.ro\/app\/wp-json\/wp\/v2\/posts\/8702","targetHints":{"allow":["GET"]}}],"collection":[{"href":"https:\/\/www.newsrecorder.ro\/app\/wp-json\/wp\/v2\/posts"}],"about":[{"href":"https:\/\/www.newsrecorder.ro\/app\/wp-json\/wp\/v2\/types\/post"}],"author":[{"embeddable":true,"href":"https:\/\/www.newsrecorder.ro\/app\/wp-json\/wp\/v2\/users\/2"}],"replies":[{"embeddable":true,"href":"https:\/\/www.newsrecorder.ro\/app\/wp-json\/wp\/v2\/comments?post=8702"}],"version-history":[{"count":0,"href":"https:\/\/www.newsrecorder.ro\/app\/wp-json\/wp\/v2\/posts\/8702\/revisions"}],"wp:featuredmedia":[{"embeddable":true,"href":"https:\/\/www.newsrecorder.ro\/app\/wp-json\/wp\/v2\/media\/8703"}],"wp:attachment":[{"href":"https:\/\/www.newsrecorder.ro\/app\/wp-json\/wp\/v2\/media?parent=8702"}],"wp:term":[{"taxonomy":"category","embeddable":true,"href":"https:\/\/www.newsrecorder.ro\/app\/wp-json\/wp\/v2\/categories?post=8702"},{"taxonomy":"post_tag","embeddable":true,"href":"https:\/\/www.newsrecorder.ro\/app\/wp-json\/wp\/v2\/tags?post=8702"}],"curies":[{"name":"wp","href":"https:\/\/api.w.org\/{rel}","templated":true}]}}