{"id":8724,"date":"2026-03-16T00:17:33","date_gmt":"2026-03-16T00:17:33","guid":{"rendered":"https:\/\/www.newsrecorder.ro\/app\/2026\/03\/16\/bolojan-dezvaluie-planurile-pentru-circulatia-auto-in-romania-5-zile-pe-saptamana\/"},"modified":"2026-03-16T00:17:33","modified_gmt":"2026-03-16T00:17:33","slug":"bolojan-dezvaluie-planurile-pentru-circulatia-auto-in-romania-5-zile-pe-saptamana","status":"publish","type":"post","link":"https:\/\/www.newsrecorder.ro\/app\/2026\/03\/16\/bolojan-dezvaluie-planurile-pentru-circulatia-auto-in-romania-5-zile-pe-saptamana\/","title":{"rendered":"Bolojan dezv\u0103luie planurile pentru circula\u021bia auto \u00een Rom\u00e2nia: 5 zile pe s\u0103pt\u0103m\u00e2n\u0103?"},"content":{"rendered":"<p>\u00centr-un interviu acordat duminic\u0103 la Digi24, premierul Rom\u00e2niei a fost \u00eentrebat dac\u0103 exist\u0103 posibilitatea ca cet\u0103\u021benii s\u0103 fie nevoi\u021bi s\u0103 utilizeze ma\u0219inile doar cinci zile pe s\u0103pt\u0103m\u00e2n\u0103. R\u0103spunsul s\u0103u a fost clar: \u201e\u00cen momentul acesta \u0219i \u00een etapa urm\u0103toare, nu\u201d.<\/p>\n<p>Prim-ministrul a subliniat c\u0103, \u00een cazul unei bloc\u0103ri prelungite a tranzitului prin Str\u00e2mtoarea Ormuz, turbulen\u021bele economice actuale s-ar putea intensifica, gener\u00e2nd riscuri de criz\u0103. \u201eAcum ne confrunt\u0103m cu ni\u0219te turbulen\u021be deoarece lan\u021burile de aprovizionare nu func\u021bioneaz\u0103 corespunz\u0103tor. Doar 10% din traficul normal prin aceast\u0103 str\u00e2mtoare a avut loc \u00een ultimele dou\u0103 s\u0103pt\u0103m\u00e2ni. Este evident c\u0103 \u021b\u0103rile asiatice, care depind de aceste aprovizion\u0103ri, se confrunt\u0103 cu un deficit. Ace\u0219tia caut\u0103 solu\u021bii de aprovizionare din alte surse, gener\u00e2nd o presiune suplimentar\u0103 at\u00e2t asupra cantit\u0103\u021bilor, c\u00e2t \u0219i asupra pre\u021burilor\u201d, a explicat Ilie Bolojan.<\/p>\n<p>\u00centrebat despre cre\u0219terea pre\u021bului motorinei, care a dep\u0103\u0219it 9 lei, premierul a recunoscut c\u0103 este o problem\u0103 serioas\u0103. \u201eMotorina, care este un produs deficitar \u00een zona noastr\u0103, a \u00eenregistrat o cre\u0219tere semnificativ\u0103, cu un procentaj \u00eentre 60-70%. Acest lucru este mult mai mare dec\u00e2t cre\u0219terea de 40-50% pe care am observat-o la alte combustibili. \u00cen schimb, benzina a crescut mai pu\u021bin fa\u021b\u0103 de pre\u021bul \u021bi\u021beiului. Astfel, presiunea pe pia\u021b\u0103 este \u00een mod clar pe segmentul motorinei. Din fericire, Rom\u00e2nia dispune de capacit\u0103\u021bi de rafinare a benzinei mult mai mari \u0219i suntem exportatori de benzin\u0103, ceea ce face ca presiunea \u00een Europa, dar \u0219i \u00een Rom\u00e2nia, s\u0103 se concentreze asupra motorinei\u201d, a afirmat premierul.<\/p>\n<p>\u00cen ceea ce prive\u0219te m\u0103surile luate, Bolojan a men\u021bionat c\u0103 autorit\u0103\u021bile rom\u00e2ne au intervenit prin dialog cu principalii operatori de pe pia\u021b\u0103, adopt\u00e2nd o schem\u0103 de ajutor pentru transportatori. De asemenea, a anun\u021bat c\u0103 se va implementa o m\u0103sur\u0103 similar\u0103 \u0219i pentru agricultori.<\/p>\n<p>Premierul a ad\u0103ugat c\u0103, \u00een cazul unei cre\u0219teri semnificative a pre\u021burilor care ar putea genera probleme, autorit\u0103\u021bile vor c\u0103uta solu\u021bii pentru a lini\u0219ti situa\u021bia. \u201eVa trebui s\u0103 vedem ce se poate face pentru a calma lucrurile\u201d, a conchis el.<\/p>\n","protected":false},"excerpt":{"rendered":"<p>\u00centr-un interviu acordat duminic\u0103 la Digi24, premierul Rom\u00e2niei a fost \u00eentrebat dac\u0103 exist\u0103 posibilitatea ca cet\u0103\u021benii s\u0103 fie nevoi\u021bi s\u0103 utilizeze ma\u0219inile doar cinci zile pe s\u0103pt\u0103m\u00e2n\u0103. R\u0103spunsul s\u0103u a fost clar: \u201e\u00cen momentul acesta \u0219i \u00een etapa urm\u0103toare, nu\u201d. Prim-ministrul a subliniat c\u0103, \u00een cazul unei bloc\u0103ri prelungite a tranzitului prin Str\u00e2mtoarea Ormuz, turbulen\u021bele [&hellip;]<\/p>\n","protected":false},"author":2,"featured_media":8725,"comment_status":"open","ping_status":"open","sticky":false,"template":"","format":"standard","meta":{"jnews-multi-image_gallery":[],"jnews_single_post":[],"jnews_primary_category":[],"jnews_override_counter":[],"footnotes":""},"categories":[42],"tags":[2403,160,8765,1046,535,149,8772,11542],"class_list":["post-8724","post","type-post","status-publish","format-standard","has-post-thumbnail","hentry","category-politica","tag-criza","tag-deficit","tag-lanturi-de-aprovizionare","tag-premier","tag-preturi","tag-romania","tag-stramtoarea-ormuz","tag-turbulente-economice"],"_links":{"self":[{"href":"https:\/\/www.newsrecorder.ro\/app\/wp-json\/wp\/v2\/posts\/8724","targetHints":{"allow":["GET"]}}],"collection":[{"href":"https:\/\/www.newsrecorder.ro\/app\/wp-json\/wp\/v2\/posts"}],"about":[{"href":"https:\/\/www.newsrecorder.ro\/app\/wp-json\/wp\/v2\/types\/post"}],"author":[{"embeddable":true,"href":"https:\/\/www.newsrecorder.ro\/app\/wp-json\/wp\/v2\/users\/2"}],"replies":[{"embeddable":true,"href":"https:\/\/www.newsrecorder.ro\/app\/wp-json\/wp\/v2\/comments?post=8724"}],"version-history":[{"count":0,"href":"https:\/\/www.newsrecorder.ro\/app\/wp-json\/wp\/v2\/posts\/8724\/revisions"}],"wp:featuredmedia":[{"embeddable":true,"href":"https:\/\/www.newsrecorder.ro\/app\/wp-json\/wp\/v2\/media\/8725"}],"wp:attachment":[{"href":"https:\/\/www.newsrecorder.ro\/app\/wp-json\/wp\/v2\/media?parent=8724"}],"wp:term":[{"taxonomy":"category","embeddable":true,"href":"https:\/\/www.newsrecorder.ro\/app\/wp-json\/wp\/v2\/categories?post=8724"},{"taxonomy":"post_tag","embeddable":true,"href":"https:\/\/www.newsrecorder.ro\/app\/wp-json\/wp\/v2\/tags?post=8724"}],"curies":[{"name":"wp","href":"https:\/\/api.w.org\/{rel}","templated":true}]}}