{"id":8726,"date":"2026-03-16T00:17:53","date_gmt":"2026-03-16T00:17:53","guid":{"rendered":"https:\/\/www.newsrecorder.ro\/app\/2026\/03\/16\/bolojan-psd-joaca-politic-nu-ne-intoarcem-la-greselile-trecutului\/"},"modified":"2026-03-16T00:17:53","modified_gmt":"2026-03-16T00:17:53","slug":"bolojan-psd-joaca-politic-nu-ne-intoarcem-la-greselile-trecutului","status":"publish","type":"post","link":"https:\/\/www.newsrecorder.ro\/app\/2026\/03\/16\/bolojan-psd-joaca-politic-nu-ne-intoarcem-la-greselile-trecutului\/","title":{"rendered":"Bolojan: PSD joac\u0103 politic, nu ne \u00eentoarcem la gre\u0219elile trecutului!"},"content":{"rendered":"<p>Ilie Bolojan a oferit clarific\u0103ri cu privire la \u00eent\u00e2rzierile \u00een aprobarea bugetului pe anul curent, subliniind c\u0103 aceste \u00eent\u00e2rzieri sunt cauzate de necesitatea unei reforme \u00een administra\u021bie, menite s\u0103 reduc\u0103 cheltuielile \u0219i deficitul bugetar.<\/p>\n<p>\u201eBugetul a fost \u00eent\u00e2rziat din cauza lipsei unui pachet de reforme administrative. F\u0103r\u0103 acest pachet, nu po\u021bi s\u0103 reduci cheltuielile de personal \u0219i, implicit, nu po\u021bi diminua deficitul. Nu exist\u0103 alt\u0103 solu\u021bie pentru a economisi\u201d, a declarat Bolojan \u00een cadrul unei emisiuni la Digi24.<\/p>\n<p>Premierul a criticat, de asemenea, ac\u021biunile social-democra\u021bilor, caracteriz\u00e2ndu-le ca fiind lipsite de fundament politic. El a subliniat c\u0103 PSD a fost \u00eentrebat \u00een repetate r\u00e2nduri despre sursele financiare pentru propunerile de cheltuieli suplimentare, dar nu a oferit r\u0103spunsuri clare.<\/p>\n<p>Bolojan a afirmat: \u201eCeea ce a f\u0103cut PSD ast\u0103zi este o ac\u021biune politic\u0103, despre care am discutat frecvent \u00een ultimele luni. Am \u00eentrebat \u00een coali\u021bie care sunt sursele de finan\u021bare pentru aceste propuneri. Nu discut\u0103m aici despre o propunere specific\u0103, ci trebuie s\u0103 \u00een\u021beleag\u0103 to\u021bi rom\u00e2nii c\u0103 orice cheltuial\u0103 suplimentar\u0103 trebuie s\u0103 aib\u0103 o surs\u0103 de finan\u021bare. Fiecare cheltuial\u0103 suplimentar\u0103 implic\u0103 pierderi pentru cineva.\u201d<\/p>\n<p>Premierul a dezv\u0103luit c\u0103, p\u00e2n\u0103 \u00een 2026, statul rom\u00e2n ar putea pl\u0103ti aproximativ 60 de miliarde de lei \u00een dob\u00e2nzi, ceea ce restr\u00e2nge posibilit\u0103\u021bile pentru noi cheltuieli.<\/p>\n<p>Bolojan a ad\u0103ugat c\u0103 ac\u021biunile PSD seam\u0103n\u0103 cu cele ale partidului AUR, suger\u00e2nd c\u0103 acestea sunt o \u00eencercare de a se distan\u021ba de responsabilit\u0103\u021bile guvern\u0103rii actuale. \u201e\u00cen afar\u0103 de retorica politic\u0103 \u0219i de tentativa de a se delimita de noi, PSD \u00eencearc\u0103 s\u0103 evite responsabilitatea guvern\u0103rii. Toate deciziile luate p\u00e2n\u0103 acum au fost asumate de toate partidele politice \u00een cadrul \u0219edin\u021belor noastre. Prin acest joc de amendamente cu caracter social, PSD vrea s\u0103 adopte o retoric\u0103 de tip AUR, \u00eencerc\u00e2nd astfel s\u0103 se disocieze de responsabilit\u0103\u021bile pe care le avem cu to\u021bii\u201d, a explicat Bolojan.<\/p>\n<p>\u201eAtunci c\u00e2nd propunem amendamente, indiferent de natura acestora, este esen\u021bial s\u0103 identific\u0103m sursele de resurse financiare\u201d, a mai spus premierul, ad\u0103ug\u00e2nd c\u0103 \u201enu ar trebui s\u0103 revenim la gre\u0219elile din trecut\u201d.<\/p>\n","protected":false},"excerpt":{"rendered":"<p>Ilie Bolojan a oferit clarific\u0103ri cu privire la \u00eent\u00e2rzierile \u00een aprobarea bugetului pe anul curent, subliniind c\u0103 aceste \u00eent\u00e2rzieri sunt cauzate de necesitatea unei reforme \u00een administra\u021bie, menite s\u0103 reduc\u0103 cheltuielile \u0219i deficitul bugetar. \u201eBugetul a fost \u00eent\u00e2rziat din cauza lipsei unui pachet de reforme administrative. F\u0103r\u0103 acest pachet, nu po\u021bi s\u0103 reduci cheltuielile de [&hellip;]<\/p>\n","protected":false},"author":2,"featured_media":8727,"comment_status":"open","ping_status":"open","sticky":false,"template":"","format":"standard","meta":{"jnews-multi-image_gallery":[],"jnews_single_post":[],"jnews_primary_category":[],"jnews_override_counter":[],"footnotes":""},"categories":[42],"tags":[11543,1068,167,298,6190,302,300,1991],"class_list":["post-8726","post","type-post","status-publish","format-standard","has-post-thumbnail","hentry","category-politica","tag-actiuni-politice","tag-buget","tag-cheltuieli","tag-deficit-bugetar","tag-digi24","tag-ilie-bolojan","tag-psd","tag-reforma-administrativa"],"_links":{"self":[{"href":"https:\/\/www.newsrecorder.ro\/app\/wp-json\/wp\/v2\/posts\/8726","targetHints":{"allow":["GET"]}}],"collection":[{"href":"https:\/\/www.newsrecorder.ro\/app\/wp-json\/wp\/v2\/posts"}],"about":[{"href":"https:\/\/www.newsrecorder.ro\/app\/wp-json\/wp\/v2\/types\/post"}],"author":[{"embeddable":true,"href":"https:\/\/www.newsrecorder.ro\/app\/wp-json\/wp\/v2\/users\/2"}],"replies":[{"embeddable":true,"href":"https:\/\/www.newsrecorder.ro\/app\/wp-json\/wp\/v2\/comments?post=8726"}],"version-history":[{"count":0,"href":"https:\/\/www.newsrecorder.ro\/app\/wp-json\/wp\/v2\/posts\/8726\/revisions"}],"wp:featuredmedia":[{"embeddable":true,"href":"https:\/\/www.newsrecorder.ro\/app\/wp-json\/wp\/v2\/media\/8727"}],"wp:attachment":[{"href":"https:\/\/www.newsrecorder.ro\/app\/wp-json\/wp\/v2\/media?parent=8726"}],"wp:term":[{"taxonomy":"category","embeddable":true,"href":"https:\/\/www.newsrecorder.ro\/app\/wp-json\/wp\/v2\/categories?post=8726"},{"taxonomy":"post_tag","embeddable":true,"href":"https:\/\/www.newsrecorder.ro\/app\/wp-json\/wp\/v2\/tags?post=8726"}],"curies":[{"name":"wp","href":"https:\/\/api.w.org\/{rel}","templated":true}]}}