{"id":8762,"date":"2026-03-16T06:56:04","date_gmt":"2026-03-16T06:56:04","guid":{"rendered":"https:\/\/www.newsrecorder.ro\/app\/2026\/03\/16\/avertismentul-omv-criza-de-combustibil-ne-obliga-sa-conducem-mai-putin\/"},"modified":"2026-03-16T06:56:04","modified_gmt":"2026-03-16T06:56:04","slug":"avertismentul-omv-criza-de-combustibil-ne-obliga-sa-conducem-mai-putin","status":"publish","type":"post","link":"https:\/\/www.newsrecorder.ro\/app\/2026\/03\/16\/avertismentul-omv-criza-de-combustibil-ne-obliga-sa-conducem-mai-putin\/","title":{"rendered":"\u201eAvertismentul OMV: Criza de combustibil ne oblig\u0103 s\u0103 conducem mai pu\u021bin!\u201d"},"content":{"rendered":"<p><strong>\u201eTrebuie s\u0103 conducem mai pu\u021bin\u201d<\/strong><\/p>\n<p>\u00cen contextul unei posibile penurii de combustibil, Directorul general al OMV, Alfred Stern, a subliniat \u00een presa din Austria comportamentul a\u0219teptat de la consumatori. \u201eDac\u0103 exist\u0103 o penurie, atunci trebuie s\u0103 economisim combustibil. Conduce\u021bi mai pu\u021bin, conduce\u021bi mai \u00eencet \u2013 nu exist\u0103 nicio modalitate de a evita acest lucru\u201d, a declarat el.<\/p>\n<p><strong><a style=\"color: #ff0000\" href=\"https:\/\/www.krone.at\/4077471\">\u00centr-un interviu acordat emisiunii \u201eJournal zu Gast<\/a><\/strong>, Alfred Stern a respins acuza\u021biile conform c\u0103rora OMV ar profita de pe urma actualei crize energetice. De la debutul conflictului din Iran, pre\u021burile combustibililor \u00een Austria au crescut semnificativ, iar motorina a dep\u0103\u0219it deja 1,90 euro pe litru la unele benzin\u0103rii.<\/p>\n<p>\u00cen acest context, guvernul austriac lucreaz\u0103 la o solu\u021bie \u201edurabil\u0103\u201d pentru a men\u021bine pre\u021burile petrolului la un nivel accesibil. Stern a explicat c\u0103 \u201epre\u021burile nu se stabilesc \u00eentr-o rafin\u0103rie\u201d. De exemplu, la un pre\u021b de 1,70 euro pe litru de benzin\u0103 premium, 90 de cen\u021bi sunt destina\u021bi taxelor \u0219i impozitelor, iar din restul de 80 de cen\u021bi, 55 de cen\u021bi acoper\u0103 costul integral al petrolului, l\u0103s\u00e2nd OMV cu doar 25 de cen\u021bi.<\/p>\n<p>Directorul OMV a subliniat c\u0103 guvernul austriac profit\u0103 de pe urma pre\u021burilor ridicate ale petrolului, men\u021bion\u00e2nd c\u0103 pre\u021buri mai mici la pomp\u0103 ar fi posibile doar prin reducerea impozitelor. Totu\u0219i, el a respins ideea unei interven\u021bii guvernamentale pe pia\u021b\u0103, avertiz\u00e2nd c\u0103 astfel de m\u0103suri ar putea compromite securitatea aprovizion\u0103rii interne.<\/p>\n<p><strong>\u201eDac\u0103 nu vrei s\u0103 pl\u0103te\u0219ti, va trebui s\u0103 pleci\u201d,<\/strong> a afirmat Stern, pun\u00e2nd cre\u0219terea costurilor pe seama conflictului din Iran. El a men\u021bionat c\u0103 \u00een prezent, pia\u021ba global\u0103 se confrunt\u0103 cu o lips\u0103 de aproximativ 20% din petrol \u0219i 10% din combustibili.<\/p>\n<p>\u201ePentru a aduce cantit\u0103\u021bile necesare \u00een Austria, OMV trebuie s\u0103 pl\u0103teasc\u0103 pre\u021buri competitive la bursa de la Rotterdam. <strong>Oricine din lume care nu este dispus s\u0103 pl\u0103teasc\u0103 pre\u021burile mari pe care le pl\u0103tim \u00een Europa \u0219i Austria va trebui s\u0103 plece\u201d,<\/strong> a ad\u0103ugat el.<\/p>\n<p><strong><a style=\"color: #ff0000\" href=\"https:\/\/www.derstandard.at\/story\/3000000312489\/omv-chef-stern-steuersenkung-einzige-loesung-fuer-hohe-spritpreise\">Potrivit lui Stern<\/a><\/strong>, se estimeaz\u0103 c\u0103 \u00een 2025, toate rafin\u0103riile OMV vor \u00eenregistra un profit opera\u021bional de aproximativ 1,1 miliarde de euro. \u00cen contrast, Ministerul Finan\u021belor din Austria a ob\u021binut 2,6 miliarde de euro din taxe pe combustibili \u00een aceea\u0219i perioad\u0103.<\/p>\n<p><strong>Stern avertizeaz\u0103 asupra lipsei de combustibil<\/strong><\/p>\n<p>Atunci c\u00e2nd a fost \u00eentrebat despre siguran\u021ba aprovizion\u0103rii cu combustibil pentru anul 2026, Stern a spus c\u0103 nu se poate oferi o garan\u021bie \u2013 exist\u00e2nd riscul ca Austria s\u0103 r\u0103m\u00e2n\u0103 f\u0103r\u0103 combustibil. Cu toate acestea, el a insistat asupra priorit\u0103\u021bii OMV de a asigura securitatea aprovizion\u0103rii clien\u021bilor.<\/p>\n<p><strong>OMV de\u021bine peste 40% din pia\u021ba de combustibil din Rom\u00e2nia<\/strong><\/p>\n<p>\u00centr-un interviu pentru Digi 24, premierul Ilie Bolojan a declarat c\u0103 OMV de\u021bine peste 40% din pia\u021ba de combustibil din Rom\u00e2nia, afirm\u00e2nd c\u0103, \u00eempreun\u0103 cu Rompetrol \u0219i Socar, compania controleaz\u0103 dou\u0103 treimi din pia\u021ba de energie. Bolojan a asigurat c\u0103 nu exist\u0103 riscuri ca OMV s\u0103 asigure necesarul Austriei cu produc\u021biile din Rom\u00e2nia.<\/p>\n<p>Pe de alt\u0103 parte, m\u00e2ine, <strong><a style=\"color: #ff0000\" href=\"https:\/\/www.presidency.ro\/ro\/media\/agenda-presedintelui\">pre\u0219edintele Rom\u00e2niei, Nicu\u0219or Dan, \u00eel prime\u0219te, la ora 10.00<\/a><\/strong>, la Palatul Cotroceni, pe directorul general al OMV, Alfred Stern, pentru a discuta despre actuala criz\u0103 care afecteaz\u0103 \u0219i pia\u021ba rom\u00e2neasc\u0103. Ulterior, Stern va avea o \u00eent\u00e2lnire \u0219i cu premierul Ilie Bolojan la Palatul Victoria.<\/p>\n","protected":false},"excerpt":{"rendered":"<p>\u201eTrebuie s\u0103 conducem mai pu\u021bin\u201d \u00cen contextul unei posibile penurii de combustibil, Directorul general al OMV, Alfred Stern, a subliniat \u00een presa din Austria comportamentul a\u0219teptat de la consumatori. \u201eDac\u0103 exist\u0103 o penurie, atunci trebuie s\u0103 economisim combustibil. Conduce\u021bi mai pu\u021bin, conduce\u021bi mai \u00eencet \u2013 nu exist\u0103 nicio modalitate de a evita acest lucru\u201d, a [&hellip;]<\/p>\n","protected":false},"author":4,"featured_media":8763,"comment_status":"open","ping_status":"open","sticky":false,"template":"","format":"standard","meta":{"jnews-multi-image_gallery":[],"jnews_single_post":[],"jnews_primary_category":[],"jnews_override_counter":[],"footnotes":""},"categories":[40],"tags":[11574,7473,11575,11576,8967,2925,11573,9593],"class_list":["post-8762","post","type-post","status-publish","format-standard","has-post-thumbnail","hentry","category-econonie","tag-alfred-stern","tag-criza-energetica","tag-economie-combustibil","tag-guvern-austriac","tag-motorina","tag-omv","tag-penurie-combustibil","tag-preturi-combustibili"],"_links":{"self":[{"href":"https:\/\/www.newsrecorder.ro\/app\/wp-json\/wp\/v2\/posts\/8762","targetHints":{"allow":["GET"]}}],"collection":[{"href":"https:\/\/www.newsrecorder.ro\/app\/wp-json\/wp\/v2\/posts"}],"about":[{"href":"https:\/\/www.newsrecorder.ro\/app\/wp-json\/wp\/v2\/types\/post"}],"author":[{"embeddable":true,"href":"https:\/\/www.newsrecorder.ro\/app\/wp-json\/wp\/v2\/users\/4"}],"replies":[{"embeddable":true,"href":"https:\/\/www.newsrecorder.ro\/app\/wp-json\/wp\/v2\/comments?post=8762"}],"version-history":[{"count":0,"href":"https:\/\/www.newsrecorder.ro\/app\/wp-json\/wp\/v2\/posts\/8762\/revisions"}],"wp:featuredmedia":[{"embeddable":true,"href":"https:\/\/www.newsrecorder.ro\/app\/wp-json\/wp\/v2\/media\/8763"}],"wp:attachment":[{"href":"https:\/\/www.newsrecorder.ro\/app\/wp-json\/wp\/v2\/media?parent=8762"}],"wp:term":[{"taxonomy":"category","embeddable":true,"href":"https:\/\/www.newsrecorder.ro\/app\/wp-json\/wp\/v2\/categories?post=8762"},{"taxonomy":"post_tag","embeddable":true,"href":"https:\/\/www.newsrecorder.ro\/app\/wp-json\/wp\/v2\/tags?post=8762"}],"curies":[{"name":"wp","href":"https:\/\/api.w.org\/{rel}","templated":true}]}}