{"id":8766,"date":"2026-03-16T06:56:43","date_gmt":"2026-03-16T06:56:43","guid":{"rendered":"https:\/\/www.newsrecorder.ro\/app\/2026\/03\/16\/europa-in-criza-energetica-onu-trage-un-semnal-de-alarma\/"},"modified":"2026-03-16T06:56:43","modified_gmt":"2026-03-16T06:56:43","slug":"europa-in-criza-energetica-onu-trage-un-semnal-de-alarma","status":"publish","type":"post","link":"https:\/\/www.newsrecorder.ro\/app\/2026\/03\/16\/europa-in-criza-energetica-onu-trage-un-semnal-de-alarma\/","title":{"rendered":"Europa \u00een criza energetic\u0103: ONU trage un semnal de alarm\u0103!"},"content":{"rendered":"<p>La mii de kilometri distan\u021b\u0103 de epicentrul conflictului, Europa se confrunt\u0103 cu o criz\u0103 energetic\u0103 tot mai acut\u0103, agravat\u0103 de o cre\u0219tere drastic\u0103 a pre\u021burilor globale la energie. Aceast\u0103 situa\u021bie \u00eengrijor\u0103toare a dus la o majorare de aproximativ 50% a pre\u021bului gazelor naturale \u00een Europa \u00een doar dou\u0103 s\u0103pt\u0103m\u00e2ni, o consecin\u021b\u0103 direct\u0103 a instabilit\u0103\u021bii geopolitice.<\/p>\n<p>Aceste fluctua\u021bii de pre\u021b genereaz\u0103 temeri legate de securitatea energetic\u0103 a Uniunii Europene, re\u00eenvigor\u00e2nd amintirile despre \u0219ocul energetic din 2022, c\u00e2nd Rusia a redus semnificativ livr\u0103rile de gaze. \u00cen acest context, \u00een cadrul unui eveniment desf\u0103\u0219urat la Bruxelles, Simon Stiell, secretarul executiv al UNFCCC, va adresa un mesaj clar oficialilor \u0219i mini\u0219trilor europeni. El va sublinia c\u0103 dependen\u021ba de petrol \u0219i gaze \u201esubmineaz\u0103 securitatea \u0219i suveranitatea na\u021bional\u0103\u201d, expun\u00e2nd consumatorii la riscuri geopolitice \u0219i la o volatilitate extrem\u0103 a pre\u021burilor, conform unui raport de la <a href=\"https:\/\/www.reuters.com\/sustainability\/cop\/iran-war-an-abject-lesson-fossil-fuel-dependence-un-climate-chief-says-2026-03-16\/\" target=\"_blank\" rel=\"noopener\">Reuters<\/a>.<\/p>\n<p>\u201eEuropa este mai dependent\u0103 de importurile de combustibili fosili dec\u00e2t aproape orice alt\u0103 mare economie\u201d, va declara Stiell, eviden\u021biind faptul c\u0103 peste 90% din petrolul \u0219i aproximativ 80% din gazul consumat de Uniunea European\u0103 sunt importuri.<\/p>\n<p>\u00cen lumina acestei situa\u021bii critice, liderii europeni se mobilizeaz\u0103 rapid pentru a implementa m\u0103suri menite s\u0103 protejeze consumatorii \u0219i industria de cre\u0219terea pre\u021burilor la energie. Comisia European\u0103 subliniaz\u0103 c\u0103 solu\u021bia pe termen lung nu const\u0103 \u00een relaxarea politicilor climatice, ci \u00een accelerarea tranzi\u021biei c\u0103tre surse de energie regenerabil\u0103 \u0219i nuclear\u0103 produse local.<\/p>\n<p>Totu\u0219i, unele state, precum Italia \u0219i Ungaria, solicit\u0103 o temporizare a obiectivelor climatice pentru a reduce costurile pe termen scurt pentru industrie, o abordare pe care oficialii ONU o consider\u0103 profund gre\u0219it\u0103.<\/p>\n<p>Simon Stiell va avertiza c\u0103 abandonarea obiectivelor climatice ar fi \u201ecomplet iluzorie\u201d \u0219i va sublinia c\u0103 investi\u021biile \u00een energie eolian\u0103 \u0219i solar\u0103 ofer\u0103 multiple beneficii: costuri mai mici pentru energie, crearea de locuri de munc\u0103 \u00een industriile verzi \u0219i o securitate energetic\u0103 pe termen lung.<\/p>\n<p>\u201eDependen\u021ba docil\u0103 de importurile de combustibili fosili va condamna Europa la crize succesive\u201d, va afirma el, ad\u0103ug\u00e2nd c\u0103 sursele regenerabile transform\u0103 radical regulile jocului: soarele \u0219i v\u00e2ntul nu depind de rute maritime vulnerabile sau de conflicte armate.<\/p>\n","protected":false},"excerpt":{"rendered":"<p>La mii de kilometri distan\u021b\u0103 de epicentrul conflictului, Europa se confrunt\u0103 cu o criz\u0103 energetic\u0103 tot mai acut\u0103, agravat\u0103 de o cre\u0219tere drastic\u0103 a pre\u021burilor globale la energie. Aceast\u0103 situa\u021bie \u00eengrijor\u0103toare a dus la o majorare de aproximativ 50% a pre\u021bului gazelor naturale \u00een Europa \u00een doar dou\u0103 s\u0103pt\u0103m\u00e2ni, o consecin\u021b\u0103 direct\u0103 a instabilit\u0103\u021bii geopolitice. [&hellip;]<\/p>\n","protected":false},"author":2,"featured_media":8767,"comment_status":"open","ping_status":"open","sticky":false,"template":"","format":"standard","meta":{"jnews-multi-image_gallery":[],"jnews_single_post":[],"jnews_primary_category":[],"jnews_override_counter":[],"footnotes":""},"categories":[39],"tags":[7473,11581,9795,11579,1675,11580,321,9066],"class_list":["post-8766","post","type-post","status-publish","format-standard","has-post-thumbnail","hentry","category-stirile-zilei","tag-criza-energetica","tag-dependenta-de-petrol","tag-instabilitate-geopolitica","tag-preturi-gaze-naturale","tag-securitate-energetica","tag-simon-stiell","tag-uniunea-europeana","tag-volatilitate-preturi"],"_links":{"self":[{"href":"https:\/\/www.newsrecorder.ro\/app\/wp-json\/wp\/v2\/posts\/8766","targetHints":{"allow":["GET"]}}],"collection":[{"href":"https:\/\/www.newsrecorder.ro\/app\/wp-json\/wp\/v2\/posts"}],"about":[{"href":"https:\/\/www.newsrecorder.ro\/app\/wp-json\/wp\/v2\/types\/post"}],"author":[{"embeddable":true,"href":"https:\/\/www.newsrecorder.ro\/app\/wp-json\/wp\/v2\/users\/2"}],"replies":[{"embeddable":true,"href":"https:\/\/www.newsrecorder.ro\/app\/wp-json\/wp\/v2\/comments?post=8766"}],"version-history":[{"count":0,"href":"https:\/\/www.newsrecorder.ro\/app\/wp-json\/wp\/v2\/posts\/8766\/revisions"}],"wp:featuredmedia":[{"embeddable":true,"href":"https:\/\/www.newsrecorder.ro\/app\/wp-json\/wp\/v2\/media\/8767"}],"wp:attachment":[{"href":"https:\/\/www.newsrecorder.ro\/app\/wp-json\/wp\/v2\/media?parent=8766"}],"wp:term":[{"taxonomy":"category","embeddable":true,"href":"https:\/\/www.newsrecorder.ro\/app\/wp-json\/wp\/v2\/categories?post=8766"},{"taxonomy":"post_tag","embeddable":true,"href":"https:\/\/www.newsrecorder.ro\/app\/wp-json\/wp\/v2\/tags?post=8766"}],"curies":[{"name":"wp","href":"https:\/\/api.w.org\/{rel}","templated":true}]}}