{"id":8772,"date":"2026-03-16T06:57:35","date_gmt":"2026-03-16T06:57:35","guid":{"rendered":"https:\/\/www.newsrecorder.ro\/app\/2026\/03\/16\/nicusor-dan-si-ilie-bolojan-discutii-strategice-cu-ocde-si-omv\/"},"modified":"2026-03-16T06:57:35","modified_gmt":"2026-03-16T06:57:35","slug":"nicusor-dan-si-ilie-bolojan-discutii-strategice-cu-ocde-si-omv","status":"publish","type":"post","link":"https:\/\/www.newsrecorder.ro\/app\/2026\/03\/16\/nicusor-dan-si-ilie-bolojan-discutii-strategice-cu-ocde-si-omv\/","title":{"rendered":"Nicu\u0219or Dan \u0219i Ilie Bolojan, discu\u021bii strategice cu OCDE \u0219i OMV!"},"content":{"rendered":"<p>Mathias Cormann, secretarul general al Organiza\u021biei pentru Cooperare \u0219i Dezvoltare Economic\u0103 (OCDE), se afl\u0103 \u00een vizit\u0103 la Bucure\u0219ti, unde luni va avea \u00eent\u00e2lniri importante cu pre\u0219edintele Nicu\u0219or Dan \u0219i premierul Ilie Bolojan.<\/p>\n<p>Conform informa\u021biilor furnizate de Administra\u021bia Preziden\u021bial\u0103, delega\u021bia OCDE va fi primit\u0103 la Palatul Cotroceni la ora 9:00 de c\u0103tre pre\u0219edintele Nicu\u0219or Dan. Aceast\u0103 \u00eent\u00e2lnire va marca \u00eenceputul unei zile pline de discu\u021bii \u0219i activit\u0103\u021bi relevante pentru colaborarea dintre Rom\u00e2nia \u0219i OCDE.<\/p>\n<p>La ora 10:00, Mathias Cormann se va \u00eent\u00e2lni cu premierul Ilie Bolojan la Palatul Victoria, unde va avea loc o ceremonie simbolic\u0103 de semnare a acordului \u00eentre Guvernul Rom\u00e2niei \u0219i OCDE, care va stabili privilegiile \u0219i imunit\u0103\u021bile organiza\u021biei.<\/p>\n<p>\u00cen cadrul acestei \u00eent\u00e2lniri, premierul Ilie Bolojan \u0219i secretarul general al OCDE vor lansa cel mai recent Studiu economic dedicat Rom\u00e2niei, realizat de organiza\u021bie. Aceast\u0103 prezentare va fi urmat\u0103 de o conferin\u021b\u0103 de pres\u0103 comun\u0103, \u00een care cei doi oficiali vor oferi declara\u021bii \u0219i vor discuta despre concluziile studiului.<\/p>\n<p>De asemenea, \u00een aceea\u0219i zi, pre\u0219edintele Nicu\u0219or Dan va primi o delega\u021bie de la OMV Petrom la Palatul Cotroceni, cu scopul de a discuta despre criza actual\u0103 care afecteaz\u0103 pia\u021ba rom\u00e2neasc\u0103. Dup\u0103 aceast\u0103 \u00eent\u00e2lnire, delega\u021bia va fi primit\u0103 \u0219i de premierul Ilie Bolojan la Palatul Victoria, la ora 12:30, continu\u00e2nd astfel dialogul despre problemele economice cu care se confrunt\u0103 Rom\u00e2nia.<\/p>\n","protected":false},"excerpt":{"rendered":"<p>Mathias Cormann, secretarul general al Organiza\u021biei pentru Cooperare \u0219i Dezvoltare Economic\u0103 (OCDE), se afl\u0103 \u00een vizit\u0103 la Bucure\u0219ti, unde luni va avea \u00eent\u00e2lniri importante cu pre\u0219edintele Nicu\u0219or Dan \u0219i premierul Ilie Bolojan. Conform informa\u021biilor furnizate de Administra\u021bia Preziden\u021bial\u0103, delega\u021bia OCDE va fi primit\u0103 la Palatul Cotroceni la ora 9:00 de c\u0103tre pre\u0219edintele Nicu\u0219or Dan. Aceast\u0103 [&hellip;]<\/p>\n","protected":false},"author":2,"featured_media":8773,"comment_status":"open","ping_status":"open","sticky":false,"template":"","format":"standard","meta":{"jnews-multi-image_gallery":[],"jnews_single_post":[],"jnews_primary_category":[],"jnews_override_counter":[],"footnotes":""},"categories":[39],"tags":[632,362,297,302,11586,286,1307,11587],"class_list":["post-8772","post","type-post","status-publish","format-standard","has-post-thumbnail","hentry","category-stirile-zilei","tag-acord","tag-bucuresti","tag-colaborare","tag-ilie-bolojan","tag-mathias-cormann","tag-nicusor-dan","tag-ocde","tag-studiu-economic"],"_links":{"self":[{"href":"https:\/\/www.newsrecorder.ro\/app\/wp-json\/wp\/v2\/posts\/8772","targetHints":{"allow":["GET"]}}],"collection":[{"href":"https:\/\/www.newsrecorder.ro\/app\/wp-json\/wp\/v2\/posts"}],"about":[{"href":"https:\/\/www.newsrecorder.ro\/app\/wp-json\/wp\/v2\/types\/post"}],"author":[{"embeddable":true,"href":"https:\/\/www.newsrecorder.ro\/app\/wp-json\/wp\/v2\/users\/2"}],"replies":[{"embeddable":true,"href":"https:\/\/www.newsrecorder.ro\/app\/wp-json\/wp\/v2\/comments?post=8772"}],"version-history":[{"count":0,"href":"https:\/\/www.newsrecorder.ro\/app\/wp-json\/wp\/v2\/posts\/8772\/revisions"}],"wp:featuredmedia":[{"embeddable":true,"href":"https:\/\/www.newsrecorder.ro\/app\/wp-json\/wp\/v2\/media\/8773"}],"wp:attachment":[{"href":"https:\/\/www.newsrecorder.ro\/app\/wp-json\/wp\/v2\/media?parent=8772"}],"wp:term":[{"taxonomy":"category","embeddable":true,"href":"https:\/\/www.newsrecorder.ro\/app\/wp-json\/wp\/v2\/categories?post=8772"},{"taxonomy":"post_tag","embeddable":true,"href":"https:\/\/www.newsrecorder.ro\/app\/wp-json\/wp\/v2\/tags?post=8772"}],"curies":[{"name":"wp","href":"https:\/\/api.w.org\/{rel}","templated":true}]}}