{"id":8780,"date":"2026-03-16T12:36:41","date_gmt":"2026-03-16T12:36:41","guid":{"rendered":"https:\/\/www.newsrecorder.ro\/app\/2026\/03\/16\/lavinia-barlogeanu-ce-as-face-daca-as-avea-doar-un-an-de-trait\/"},"modified":"2026-03-16T12:36:41","modified_gmt":"2026-03-16T12:36:41","slug":"lavinia-barlogeanu-ce-as-face-daca-as-avea-doar-un-an-de-trait","status":"publish","type":"post","link":"https:\/\/www.newsrecorder.ro\/app\/2026\/03\/16\/lavinia-barlogeanu-ce-as-face-daca-as-avea-doar-un-an-de-trait\/","title":{"rendered":"Lavinia B\u00e2rlogeanu: \u201eCe a\u0219 face dac\u0103 a\u0219 avea doar un an de tr\u0103it?\u201d"},"content":{"rendered":"<p>Recent, a avut loc un dialog captivant \u00eentre jurnalistul Adrian Artene \u0219i psihoterapeuta Lavinia B\u00e2rlogeanu, axat pe explorarea profund\u0103 a sensului vie\u021bii \u0219i importan\u021ba confrunt\u0103rii cu propria mortalitate. Aceast\u0103 discu\u021bie a fost parte din emisiunea s\u0103pt\u0103m\u00e2nal\u0103 \u201eAltceva\u201d, moderat\u0103 de Artene.<\/p>\n<p>Lavinia B\u00e2rlogeanu a subliniat c\u0103 abordarea temei mortalit\u0103\u021bii este un exerci\u021biu esen\u021bial pentru fiecare individ, consider\u00e2ndu-l un pas necesar \u00een \u00een\u021belegerea propriei existen\u021be.<\/p>\n<p>Adrian Artene a remarcat c\u0103 \u00eentrebarea \u201eCine sunt eu?\u201d este un element central \u00een numeroase reflec\u021bii legate de sensul vie\u021bii. El a adus \u00een discu\u021bie o tem\u0103 frecvent \u00eent\u00e2lnit\u0103 \u00een art\u0103, cum ar fi literatura \u0219i cinematografia, unde personajele descoper\u0103 c\u0103 mai au foarte pu\u021bin timp de tr\u0103it.<\/p>\n<p>\u201eExist\u0103 o tem\u0103 care revine obsesiv \u00een produc\u021biile cinematografice: ce ai face dac\u0103 ai afla c\u0103 mai ai o zi, 24 de ore sau c\u00e2teva zile de tr\u0103it? Atunci se nasc \u00eentreb\u0103rile: ce am f\u0103cut cu via\u021ba mea? Care a fost sensul meu? Care a fost scopul meu?\u201d a declarat jurnalistul, eviden\u021biind impactul acestor \u00eentreb\u0103ri asupra con\u0219tiin\u021bei individuale.<\/p>\n<p>Lavinia B\u00e2rlogeanu a subliniat importan\u021ba reflexiei asupra mor\u021bii, afirm\u00e2nd: \u201eE foarte bun\u0103 tema asta. Nu cred c\u0103, dac\u0103 m\u0103 g\u00e2ndesc, o atrag. Este absurd s\u0103 credem asta. Trebuie s\u0103 discut\u0103m despre moarte \u0219i s\u0103 punem \u00een cuvinte aceste lucruri, deoarece este un mod de a le dedramatiza. Mi se pare un exerci\u021biu extraordinar de important pentru fiecare om.\u201d<\/p>\n<p>\u201eDac\u0103 m-a\u0219 g\u00e2ndi c\u0103 mai am un an, doi, cinci sau chiar mai pu\u021bin, ce a\u0219 face? Aceasta este o \u00eentrebare crucial\u0103 care poate corecta direc\u021bia unei vie\u021bi, sensul existen\u021bei \u0219i poate influen\u021ba istoria personal\u0103,\u201d a continuat ea.<\/p>\n<p>\u00cen concluzie, B\u00e2rlogeanu a ad\u0103ugat: \u201e\u00ce\u021bi d\u0103 \u0219ansa de a face ceea ce crezi c\u0103 este foarte important s\u0103 faci.\u201d Aceast\u0103 discu\u021bie a oferit o nou\u0103 perspectiv\u0103 asupra modului \u00een care percepem timpul \u0219i deciziile noastre, \u00eendemn\u00e2ndu-ne s\u0103 reflect\u0103m la valorile \u0219i scopurile vie\u021bii noastre. <\/p>\n","protected":false},"excerpt":{"rendered":"<p>Recent, a avut loc un dialog captivant \u00eentre jurnalistul Adrian Artene \u0219i psihoterapeuta Lavinia B\u00e2rlogeanu, axat pe explorarea profund\u0103 a sensului vie\u021bii \u0219i importan\u021ba confrunt\u0103rii cu propria mortalitate. Aceast\u0103 discu\u021bie a fost parte din emisiunea s\u0103pt\u0103m\u00e2nal\u0103 \u201eAltceva\u201d, moderat\u0103 de Artene. Lavinia B\u00e2rlogeanu a subliniat c\u0103 abordarea temei mortalit\u0103\u021bii este un exerci\u021biu esen\u021bial pentru fiecare individ, [&hellip;]<\/p>\n","protected":false},"author":7,"featured_media":8781,"comment_status":"open","ping_status":"open","sticky":false,"template":"","format":"standard","meta":{"jnews-multi-image_gallery":[],"jnews_single_post":[],"jnews_primary_category":[],"jnews_override_counter":[],"footnotes":""},"categories":[43],"tags":[11601,2367,11603,11602,11598,11600,11604,11599],"class_list":["post-8780","post","type-post","status-publish","format-standard","has-post-thumbnail","hentry","category-cultura","tag-adrian-artene","tag-arta","tag-emisiunea-altceva","tag-lavinia-barlogeanu","tag-mortalitate","tag-psihoterapie","tag-reflectii","tag-sensul-vietii"],"_links":{"self":[{"href":"https:\/\/www.newsrecorder.ro\/app\/wp-json\/wp\/v2\/posts\/8780","targetHints":{"allow":["GET"]}}],"collection":[{"href":"https:\/\/www.newsrecorder.ro\/app\/wp-json\/wp\/v2\/posts"}],"about":[{"href":"https:\/\/www.newsrecorder.ro\/app\/wp-json\/wp\/v2\/types\/post"}],"author":[{"embeddable":true,"href":"https:\/\/www.newsrecorder.ro\/app\/wp-json\/wp\/v2\/users\/7"}],"replies":[{"embeddable":true,"href":"https:\/\/www.newsrecorder.ro\/app\/wp-json\/wp\/v2\/comments?post=8780"}],"version-history":[{"count":0,"href":"https:\/\/www.newsrecorder.ro\/app\/wp-json\/wp\/v2\/posts\/8780\/revisions"}],"wp:featuredmedia":[{"embeddable":true,"href":"https:\/\/www.newsrecorder.ro\/app\/wp-json\/wp\/v2\/media\/8781"}],"wp:attachment":[{"href":"https:\/\/www.newsrecorder.ro\/app\/wp-json\/wp\/v2\/media?parent=8780"}],"wp:term":[{"taxonomy":"category","embeddable":true,"href":"https:\/\/www.newsrecorder.ro\/app\/wp-json\/wp\/v2\/categories?post=8780"},{"taxonomy":"post_tag","embeddable":true,"href":"https:\/\/www.newsrecorder.ro\/app\/wp-json\/wp\/v2\/tags?post=8780"}],"curies":[{"name":"wp","href":"https:\/\/api.w.org\/{rel}","templated":true}]}}