{"id":8784,"date":"2026-03-16T12:37:27","date_gmt":"2026-03-16T12:37:27","guid":{"rendered":"https:\/\/www.newsrecorder.ro\/app\/2026\/03\/16\/razboiul-din-orientul-mijlociu-ameninta-operele-de-arta-ale-louvre-abu-dhabi\/"},"modified":"2026-03-16T12:37:27","modified_gmt":"2026-03-16T12:37:27","slug":"razboiul-din-orientul-mijlociu-ameninta-operele-de-arta-ale-louvre-abu-dhabi","status":"publish","type":"post","link":"https:\/\/www.newsrecorder.ro\/app\/2026\/03\/16\/razboiul-din-orientul-mijlociu-ameninta-operele-de-arta-ale-louvre-abu-dhabi\/","title":{"rendered":"R\u0103zboiul din Orientul Mijlociu amenin\u021b\u0103 operele de art\u0103 ale Louvre Abu Dhabi"},"content":{"rendered":"<p>Louvre Abu Dhabi, deschis \u00een 2017, a reu\u0219it s\u0103 r\u0103m\u00e2n\u0103 intact \u00een ciuda escalad\u0103rii conflictului din regiune, care a \u00eenceput la sf\u00e2r\u0219itul lunii februarie \u0219i a fost marcat de sute de atacuri cu drone \u0219i rachete. Reprezentan\u021bii muzeului subliniaz\u0103 c\u0103 siguran\u021ba vizitatorilor, angaja\u021bilor \u0219i a colec\u021biilor de art\u0103 este prioritar\u0103, astfel c\u0103 institu\u021bia \u00ee\u0219i continu\u0103 activitatea \u0219i r\u0103m\u00e2ne deschis\u0103 publicului. Totu\u0219i, intensificarea tensiunilor dintre Statele Unite, Israel \u0219i Iran a st\u00e2rnit \u00eengrijor\u0103ri \u00een Fran\u021ba cu privire la securitatea operelor valoroase expuse \u00een Emiratele Arabe Unite, conform <a href=\"https:\/\/www.euronews.com\/culture\/2026\/03\/16\/fears-over-french-art-loans-to-the-louvre-abu-dhabi-as-war-rages-in-the-middle-east\" target=\"_blank\" rel=\"noopener\">Euronews<\/a>.<\/p>\n<p>\u00cengrijor\u0103rile cresc \u00een Fran\u021ba, \u00een contextul unui parteneriat cultural de miliarde de euro<\/p>\n<p>Didier Selles, unul dintre negociatorii acordului cultural dintre Fran\u021ba \u0219i Emiratele Arabe Unite, a subliniat necesitatea de a proteja operele de art\u0103 cu maxim\u0103 aten\u021bie \u00een aceste vremuri dificile. De asemenea, presa cultural\u0103 din Fran\u021ba a \u00eenceput s\u0103 pun\u0103 la \u00eendoial\u0103 siguran\u021ba \u00eemprumuturilor de art\u0103. Publica\u021bia La Tribune de l\u2019Art a avertizat c\u0103 lucr\u0103rile \u00eemprumutate trebuie s\u0103 beneficieze de o protec\u021bie adecvat\u0103.<\/p>\n<p>\u00cen \u00eencercarea de a lini\u0219ti temerile, Ministerul Culturii din Fran\u021ba a comunicat c\u0103 se men\u021bin contacte constante cu autorit\u0103\u021bile din Emiratele Arabe Unite pentru a asigura protec\u021bia operelor de art\u0103.<\/p>\n<p>Acordul dintre Fran\u021ba \u0219i Emiratele Arabe Unite pentru dezvoltarea muzeului Louvre Abu Dhabi reprezint\u0103 unul dintre cele mai semnificative parteneriate culturale interna\u021bionale. Fran\u021ba a contribuit cu expertiz\u0103, opere de art\u0103 \u0219i organizarea de expozi\u021bii, \u00een schimbul unui acord financiar estimat la aproximativ 1 miliard de euro. Dintre ace\u0219tia, 400 de milioane de euro sunt destina\u021bi exclusiv utiliz\u0103rii numelui \u201eLouvre\u201d. \u00cen 2021, parteneriatul a fost extins p\u00e2n\u0103 \u00een 2047, pentru o sum\u0103 suplimentar\u0103 de 165 de milioane de euro.<\/p>\n<p>O colec\u021bie impresionant\u0103 de opere de art\u0103 \u00eemprumutate din Fran\u021ba<\/p>\n<p>Muzeul Louvre Abu Dhabi g\u0103zduie\u0219te o colec\u021bie permanent\u0103 de aproximativ 600 de opere de art\u0103, iar alte 250 de lucr\u0103ri sunt \u00eemprumutate temporar din Fran\u021ba. Lista exact\u0103 a operelor expuse \u00een prezent nu a fost f\u0103cut\u0103 public\u0103. Cu ocazia inaugur\u0103rii, muzeul a prezentat lucr\u0103ri de arti\u0219ti renumi\u021bi precum Leonardo da Vinci, Claude Monet, Vincent van Gogh \u0219i Andy Warhol, precum \u0219i artefacte istorice, inclusiv o statuie a faraonului Ramses al II-lea.<\/p>\n<p>Conform unor surse apropiate proiectului, muzeul a fost conceput pentru a face fa\u021b\u0103 amenin\u021b\u0103rilor de securitate \u0219i dezastrelor naturale. Speciali\u0219tii avertizeaz\u0103 c\u0103 o repatriere rapid\u0103 a operelor de art\u0103 ar putea aduce propriile riscuri logistice \u0219i de securitate, astfel c\u0103 o astfel de decizie necesit\u0103 o analiz\u0103 atent\u0103.<\/p>\n<p>P\u00e2n\u0103 \u00een prezent, autorit\u0103\u021bile continu\u0103 s\u0103 monitorizeze cu aten\u021bie situa\u021bia din regiune, \u00een timp ce muzeul <a href=\"https:\/\/www.mediafax.ro\/cultura-media\/muzeul-luvru-imprumuta-un-tablou-celebru-al-lui-leonardo-da-vinci-filialei-sale-din-abu-dhabi-21254171\" target=\"_blank\" rel=\"noopener\">Louvre Abu Dhabi<\/a> \u00ee\u0219i desf\u0103\u0219oar\u0103 activitatea \u00een mod normal.<\/p>\n","protected":false},"excerpt":{"rendered":"<p>Louvre Abu Dhabi, deschis \u00een 2017, a reu\u0219it s\u0103 r\u0103m\u00e2n\u0103 intact \u00een ciuda escalad\u0103rii conflictului din regiune, care a \u00eenceput la sf\u00e2r\u0219itul lunii februarie \u0219i a fost marcat de sute de atacuri cu drone \u0219i rachete. Reprezentan\u021bii muzeului subliniaz\u0103 c\u0103 siguran\u021ba vizitatorilor, angaja\u021bilor \u0219i a colec\u021biilor de art\u0103 este prioritar\u0103, astfel c\u0103 institu\u021bia \u00ee\u0219i continu\u0103 [&hellip;]<\/p>\n","protected":false},"author":7,"featured_media":8785,"comment_status":"open","ping_status":"open","sticky":false,"template":"","format":"standard","meta":{"jnews-multi-image_gallery":[],"jnews_single_post":[],"jnews_primary_category":[],"jnews_override_counter":[],"footnotes":""},"categories":[43],"tags":[11608,684,5492,473,11607,1118,1357,2928],"class_list":["post-8784","post","type-post","status-publish","format-standard","has-post-thumbnail","hentry","category-cultura","tag-colectii-de-arta","tag-conflict","tag-emiratele-arabe-unite","tag-franta","tag-louvre-abu-dhabi","tag-siguranta","tag-tensiuni","tag-vizitatori"],"_links":{"self":[{"href":"https:\/\/www.newsrecorder.ro\/app\/wp-json\/wp\/v2\/posts\/8784","targetHints":{"allow":["GET"]}}],"collection":[{"href":"https:\/\/www.newsrecorder.ro\/app\/wp-json\/wp\/v2\/posts"}],"about":[{"href":"https:\/\/www.newsrecorder.ro\/app\/wp-json\/wp\/v2\/types\/post"}],"author":[{"embeddable":true,"href":"https:\/\/www.newsrecorder.ro\/app\/wp-json\/wp\/v2\/users\/7"}],"replies":[{"embeddable":true,"href":"https:\/\/www.newsrecorder.ro\/app\/wp-json\/wp\/v2\/comments?post=8784"}],"version-history":[{"count":0,"href":"https:\/\/www.newsrecorder.ro\/app\/wp-json\/wp\/v2\/posts\/8784\/revisions"}],"wp:featuredmedia":[{"embeddable":true,"href":"https:\/\/www.newsrecorder.ro\/app\/wp-json\/wp\/v2\/media\/8785"}],"wp:attachment":[{"href":"https:\/\/www.newsrecorder.ro\/app\/wp-json\/wp\/v2\/media?parent=8784"}],"wp:term":[{"taxonomy":"category","embeddable":true,"href":"https:\/\/www.newsrecorder.ro\/app\/wp-json\/wp\/v2\/categories?post=8784"},{"taxonomy":"post_tag","embeddable":true,"href":"https:\/\/www.newsrecorder.ro\/app\/wp-json\/wp\/v2\/tags?post=8784"}],"curies":[{"name":"wp","href":"https:\/\/api.w.org\/{rel}","templated":true}]}}