{"id":8794,"date":"2026-03-16T12:39:50","date_gmt":"2026-03-16T12:39:50","guid":{"rendered":"https:\/\/www.newsrecorder.ro\/app\/2026\/03\/16\/iranul-promite-un-raspuns-dur-romaniei-pentru-sprijinul-acordat-sua\/"},"modified":"2026-03-16T12:39:50","modified_gmt":"2026-03-16T12:39:50","slug":"iranul-promite-un-raspuns-dur-romaniei-pentru-sprijinul-acordat-sua","status":"publish","type":"post","link":"https:\/\/www.newsrecorder.ro\/app\/2026\/03\/16\/iranul-promite-un-raspuns-dur-romaniei-pentru-sprijinul-acordat-sua\/","title":{"rendered":"Iranul promite un r\u0103spuns dur Rom\u00e2niei pentru sprijinul acordat SUA"},"content":{"rendered":"<p>Esmail Baghaei, purt\u0103torul de cuv\u00e2nt al Ministerului iranian de Externe, a comentat recent despre posibilele implic\u0103ri ale Rom\u00e2niei \u00een conflictele din regiunea Iranului. \u00cen declara\u021biile sale, el a subliniat c\u0103, dac\u0103 Rom\u00e2nia ar participa \u00een vreun fel la agresiunea militar\u0103 \u00eempotriva Iranului, aceasta ar fi considerat\u0103 \u201ecomplet inacceptabil\u0103\u201d conform dreptului interna\u021bional. Baghaei a avertizat c\u0103 o astfel de ac\u021biune ar atrage responsabilitatea interna\u021bional\u0103 asupra Rom\u00e2niei.<\/p>\n<p>Oficialul iranian a continuat s\u0103 sublinieze impactul politic al unei asemenea decizii, men\u021bion\u00e2nd c\u0103 ea ar reprezenta o \u201epat\u0103 neagr\u0103 \u00een istoria rela\u021biilor dintre Iran \u0219i Rom\u00e2nia\u201d. El a reamintit c\u0103 \u00eentre cele dou\u0103 na\u021biuni a existat \u00eentotdeauna o rela\u021bie de prietenie. Baghaei a mai ad\u0103ugat c\u0103 Teheranul nu vede niciun motiv \u00eentemeiat pentru ca o alt\u0103 \u021bar\u0103 s\u0103 se implice \u00een agresiunea militar\u0103 \u00eempotriva Iranului.<\/p>\n<p>\u201eCu siguran\u021b\u0103, at\u00e2t din punct de vedere juridic, c\u00e2t \u0219i politic, va exista un r\u0103spuns adecvat \u0219i rapid din partea noastr\u0103\u201d, a declarat Baghaei, conform informa\u021biilor ap\u0103rute \u00een presa rom\u00e2neasc\u0103.<\/p>\n<p>Reac\u021bia autorit\u0103\u021bilor iraniene a venit \u00een contextul \u00een care Rom\u00e2nia a aprobat cererea Statelor Unite de a desf\u0103\u0219ura pe teritoriul s\u0103u avioane de realimentare, echipamente de supraveghere \u0219i sisteme de comunica\u021bii prin satelit. Pre\u0219edintele Nicu\u0219or Dan a caracterizat aceste echipamente ca fiind \u201edefensive\u201d \u0219i a subliniat c\u0103 ele nu transport\u0103 muni\u021bie.<\/p>\n","protected":false},"excerpt":{"rendered":"<p>Esmail Baghaei, purt\u0103torul de cuv\u00e2nt al Ministerului iranian de Externe, a comentat recent despre posibilele implic\u0103ri ale Rom\u00e2niei \u00een conflictele din regiunea Iranului. \u00cen declara\u021biile sale, el a subliniat c\u0103, dac\u0103 Rom\u00e2nia ar participa \u00een vreun fel la agresiunea militar\u0103 \u00eempotriva Iranului, aceasta ar fi considerat\u0103 \u201ecomplet inacceptabil\u0103\u201d conform dreptului interna\u021bional. Baghaei a avertizat c\u0103 [&hellip;]<\/p>\n","protected":false},"author":2,"featured_media":8795,"comment_status":"open","ping_status":"open","sticky":false,"template":"","format":"standard","meta":{"jnews-multi-image_gallery":[],"jnews_single_post":[],"jnews_primary_category":[],"jnews_override_counter":[],"footnotes":""},"categories":[42],"tags":[10004,7471,11631,913,2063,11630,149,4804],"class_list":["post-8794","post","type-post","status-publish","format-standard","has-post-thumbnail","hentry","category-politica","tag-agresiune-militara","tag-drept-international","tag-esmail-baghaei","tag-iran","tag-relatii-diplomatice","tag-responsabilitate-internationala","tag-romania","tag-teheran"],"_links":{"self":[{"href":"https:\/\/www.newsrecorder.ro\/app\/wp-json\/wp\/v2\/posts\/8794","targetHints":{"allow":["GET"]}}],"collection":[{"href":"https:\/\/www.newsrecorder.ro\/app\/wp-json\/wp\/v2\/posts"}],"about":[{"href":"https:\/\/www.newsrecorder.ro\/app\/wp-json\/wp\/v2\/types\/post"}],"author":[{"embeddable":true,"href":"https:\/\/www.newsrecorder.ro\/app\/wp-json\/wp\/v2\/users\/2"}],"replies":[{"embeddable":true,"href":"https:\/\/www.newsrecorder.ro\/app\/wp-json\/wp\/v2\/comments?post=8794"}],"version-history":[{"count":0,"href":"https:\/\/www.newsrecorder.ro\/app\/wp-json\/wp\/v2\/posts\/8794\/revisions"}],"wp:featuredmedia":[{"embeddable":true,"href":"https:\/\/www.newsrecorder.ro\/app\/wp-json\/wp\/v2\/media\/8795"}],"wp:attachment":[{"href":"https:\/\/www.newsrecorder.ro\/app\/wp-json\/wp\/v2\/media?parent=8794"}],"wp:term":[{"taxonomy":"category","embeddable":true,"href":"https:\/\/www.newsrecorder.ro\/app\/wp-json\/wp\/v2\/categories?post=8794"},{"taxonomy":"post_tag","embeddable":true,"href":"https:\/\/www.newsrecorder.ro\/app\/wp-json\/wp\/v2\/tags?post=8794"}],"curies":[{"name":"wp","href":"https:\/\/api.w.org\/{rel}","templated":true}]}}