{"id":8802,"date":"2026-03-16T12:41:12","date_gmt":"2026-03-16T12:41:12","guid":{"rendered":"https:\/\/www.newsrecorder.ro\/app\/2026\/03\/16\/ciprian-ciucu-bucurestiul-intre-haos-si-controlul-vehiculelor-grele\/"},"modified":"2026-03-16T12:41:12","modified_gmt":"2026-03-16T12:41:12","slug":"ciprian-ciucu-bucurestiul-intre-haos-si-controlul-vehiculelor-grele","status":"publish","type":"post","link":"https:\/\/www.newsrecorder.ro\/app\/2026\/03\/16\/ciprian-ciucu-bucurestiul-intre-haos-si-controlul-vehiculelor-grele\/","title":{"rendered":"Ciprian Ciucu: \u201eBucure\u0219tiul, \u00eentre haos \u0219i controlul vehiculelor grele\u201d"},"content":{"rendered":"<p>Luni diminea\u021b\u0103, Prim\u0103ria Municipiului Bucure\u0219ti a adus \u00een aten\u021bia publicului o serie de declara\u021bii semnificative ale primarului general Ciprian Ciucu, referitoare la problema traficului din Capital\u0103. Aceste informa\u021bii au fost publicate pe pagina oficial\u0103 de Facebook a institu\u021biei.<\/p>\n<p>\u00cen cadrul comunicatului, PMB a subliniat m\u0103surile pe care autorit\u0103\u021bile le implementeaz\u0103 pentru a asigura respectarea restric\u021biilor de tonaj. Ciprian Ciucu a eviden\u021biat faptul c\u0103 Bucure\u0219tiul se confrunt\u0103 cu o criz\u0103 de trafic, explic\u00e2nd c\u0103 mul\u021bi transportatori au ajuns s\u0103 circule prin ora\u0219 f\u0103r\u0103 a de\u021bine autoriza\u021biile necesare.<\/p>\n<p>\u201eUn vehicul din \u0219ase circul\u0103 cu taxa pl\u0103tit\u0103. Bucure\u0219tiul nu poate func\u021biona ca un sat f\u0103r\u0103 c\u00e2ini\u201d, a declarat primarul. El a ad\u0103ugat c\u0103 este normal ca cei care genereaz\u0103 o uzur\u0103 mai mare asupra infrastructurii ora\u0219ului \u0219i care contribuie la poluare s\u0103 suporte un cost mai mare. \u201eUn vehicul comercial poate circula \u00eentre 7 \u0219i 9 ore pe zi, folosind astfel infrastructura ora\u0219ului \u00eentr-un mod mult mai intens\u201d, a subliniat Ciucu.<\/p>\n<p>Pentru a facilita verificarea pl\u0103\u021bii taxelor, Prim\u0103ria a dezvoltat un mecanism prin care cet\u0103\u021benii pot introduce num\u0103rul de \u00eenmatriculare al vehiculului \u00eentr-o aplica\u021bie public\u0103, ob\u021bin\u00e2nd instantaneu informa\u021bii despre starea pl\u0103\u021bii. Primarul a testat acest sistem personal, \u00eent\u00e2lnind pe drum c\u0103tre PMB \u0219ase vehicule cu masa mai mare de 5 tone. \u201eAm introdus numerele de \u00eenmatriculare \u0219i am avut un \u0219oc: doar unul dintre acestea avea taxa achitat\u0103. Era o betonier\u0103. Restul NU!\u201d, a declarat el.<\/p>\n<p>De asemenea, au fost comunicate \u0219i sanc\u021biunile care vor fi aplicate \u00een cazul nerespect\u0103rii regulilor. \u201eBucure\u0219tiul nu poate func\u021biona \u00een continuare ca un sat f\u0103r\u0103 c\u00e2ini, unde legea este facultativ\u0103 \u0219i controalele aproape inexistente. Regulile se aplic\u0103 tuturor. Cei care circul\u0103 cu vehicule grele \u00een ora\u0219 vor pl\u0103ti taxa. Cei care nu o vor pl\u0103ti vor fi sanc\u021biona\u021bi de Poli\u021bia Local\u0103. M\u0103 voi asigura c\u0103 amenzile vor fi mai mari dec\u00e2t valoarea taxei\u201d, a mai spus primarul.<\/p>\n<p>Poli\u021bia Local\u0103 a Municipiului Bucure\u0219ti a \u00eenceput verific\u0103rile zilnice, concentr\u00e2ndu-se pe betoniere, basculante \u0219i platforme de aprovizionare \u00een zonele A \u0219i B, unde restric\u021biile de tonaj se aplic\u0103 pentru vehicule cu masa de peste 5 tone. \u201eAceste restric\u021bii sunt impuse pentru a proteja respectivele sectoare de drum, dar \u0219i pentru a asigura siguran\u021ba traficului \u0219i a preveni ambuteiajele\u201d, au transmis oficialii PMB.<\/p>\n<p>\u00cen ultimele trei s\u0103pt\u0103m\u00e2ni, ac\u021biunile de verificare au vizat un num\u0103r de 850 de vehicule de mare tonaj, gener\u00e2nd amenzi \u00een valoare total\u0103 de 545.000 de lei. Printre zonele monitorizate se num\u0103r\u0103 \u0218oseaua Pantelimon, Calea Floreasca cu \u0218oseaua \u0218tefan cel Mare, precum \u0219i bulevardele Barbu V\u0103c\u0103rescu, Mihai Bravu \u0219i Iancu de Hunedoara.<\/p>\n","protected":false},"excerpt":{"rendered":"<p>Luni diminea\u021b\u0103, Prim\u0103ria Municipiului Bucure\u0219ti a adus \u00een aten\u021bia publicului o serie de declara\u021bii semnificative ale primarului general Ciprian Ciucu, referitoare la problema traficului din Capital\u0103. Aceste informa\u021bii au fost publicate pe pagina oficial\u0103 de Facebook a institu\u021biei. \u00cen cadrul comunicatului, PMB a subliniat m\u0103surile pe care autorit\u0103\u021bile le implementeaz\u0103 pentru a asigura respectarea restric\u021biilor [&hellip;]<\/p>\n","protected":false},"author":2,"featured_media":8803,"comment_status":"open","ping_status":"open","sticky":false,"template":"","format":"standard","meta":{"jnews-multi-image_gallery":[],"jnews_single_post":[],"jnews_primary_category":[],"jnews_override_counter":[],"footnotes":""},"categories":[42],"tags":[2149,362,1044,460,789,6419,6098,5504],"class_list":["post-8802","post","type-post","status-publish","format-standard","has-post-thumbnail","hentry","category-politica","tag-autorizatii","tag-bucuresti","tag-ciprian-ciucu","tag-infrastructura","tag-poluare","tag-primaria-municipiului-bucuresti","tag-restrictii-de-tonaj","tag-trafic"],"_links":{"self":[{"href":"https:\/\/www.newsrecorder.ro\/app\/wp-json\/wp\/v2\/posts\/8802","targetHints":{"allow":["GET"]}}],"collection":[{"href":"https:\/\/www.newsrecorder.ro\/app\/wp-json\/wp\/v2\/posts"}],"about":[{"href":"https:\/\/www.newsrecorder.ro\/app\/wp-json\/wp\/v2\/types\/post"}],"author":[{"embeddable":true,"href":"https:\/\/www.newsrecorder.ro\/app\/wp-json\/wp\/v2\/users\/2"}],"replies":[{"embeddable":true,"href":"https:\/\/www.newsrecorder.ro\/app\/wp-json\/wp\/v2\/comments?post=8802"}],"version-history":[{"count":0,"href":"https:\/\/www.newsrecorder.ro\/app\/wp-json\/wp\/v2\/posts\/8802\/revisions"}],"wp:featuredmedia":[{"embeddable":true,"href":"https:\/\/www.newsrecorder.ro\/app\/wp-json\/wp\/v2\/media\/8803"}],"wp:attachment":[{"href":"https:\/\/www.newsrecorder.ro\/app\/wp-json\/wp\/v2\/media?parent=8802"}],"wp:term":[{"taxonomy":"category","embeddable":true,"href":"https:\/\/www.newsrecorder.ro\/app\/wp-json\/wp\/v2\/categories?post=8802"},{"taxonomy":"post_tag","embeddable":true,"href":"https:\/\/www.newsrecorder.ro\/app\/wp-json\/wp\/v2\/tags?post=8802"}],"curies":[{"name":"wp","href":"https:\/\/api.w.org\/{rel}","templated":true}]}}