{"id":8830,"date":"2026-03-16T18:09:02","date_gmt":"2026-03-16T18:09:02","guid":{"rendered":"https:\/\/www.newsrecorder.ro\/app\/2026\/03\/16\/gheorghe-popescu-preia-farul-hagi-se-retrage-si-revine-la-antrenorat\/"},"modified":"2026-03-16T18:09:02","modified_gmt":"2026-03-16T18:09:02","slug":"gheorghe-popescu-preia-farul-hagi-se-retrage-si-revine-la-antrenorat","status":"publish","type":"post","link":"https:\/\/www.newsrecorder.ro\/app\/2026\/03\/16\/gheorghe-popescu-preia-farul-hagi-se-retrage-si-revine-la-antrenorat\/","title":{"rendered":"Gheorghe Popescu preia Farul, Hagi se retrage \u0219i revine la antrenorat!"},"content":{"rendered":"<p>Dup\u0103 o perioad\u0103 \u00eendelungat\u0103 petrecut\u0103 \u00een fruntea <a href=\"https:\/\/www.farulconstanta.com\/stiri\/noutati\/gheorghe-popescu-preia-de-la-gheorghe-hagi-pachetul-majoritar-de-actiuni-al-clubului-farul-constanta\" target=\"_blank\" rel=\"noopener\">proiectului Farul Constan\u021ba<\/a>, Gheorghe Hagi a decis s\u0103 se retrag\u0103 din func\u021biile decizionale ale clubului. Acesta a explicat c\u0103 dore\u0219te s\u0103 se concentreze din nou pe ceea ce \u00eei aduce cea mai mare satisfac\u021bie: antrenoratul \u0219i interac\u021biunea direct\u0103 cu juc\u0103torii.<\/p>\n<p>\u201eFarul are o identitate bine definit\u0103, o academie puternic\u0103 \u0219i un model de dezvoltare s\u0103n\u0103tos. A venit timpul s\u0103 \u00eemi \u00eendrept aten\u021bia \u0219i spre mine, c\u0103tre ceea ce cred c\u0103 pot face cel mai bine, \u0219i anume s\u0103 antrenez. Farul va merge mai departe cu oameni capabili, iar Gic\u0103 este cel mai potrivit s\u0103 devin\u0103 ac\u021bionar majoritar\u201d, a declarat Gheorghe Hagi.<\/p>\n<p>\u00cen noua configura\u021bie a ac\u021bionariatului, Gheorghe Popescu va de\u021bine 70% din ac\u021biunile clubului Farul Constan\u021ba. Ceilal\u021bi ac\u021bionari, Gheorghe Hagi, Rivaldo \u0219i Ciprian Marica, vor avea fiecare c\u00e2te 10% din ac\u021biuni. Astfel, Hagi va continua s\u0103 fie ac\u021bionar al clubului pe care l-a fondat \u0219i dezvoltat \u00een ultimii ani.<\/p>\n<p>Gheorghe Popescu, care a ocupat func\u021bia de pre\u0219edinte al clubului timp de \u0219apte ani, a subliniat responsabilitatea pe care o preia. \u201e\u00cemi asum aceast\u0103 responsabilitate cu respect fa\u021b\u0103 de tot ceea ce Gic\u0103 a realizat atunci c\u00e2nd a ini\u021biat acest proiect extraordinar \u0219i ceea ce am continuat s\u0103 construim \u00eempreun\u0103. Farul este un proiect solid, cu un poten\u021bial uria\u0219. Nu inten\u021bionez s\u0103-i schimb ADN-ul, ci doar s\u0103-i aduc c\u00e2teva \u00eembun\u0103t\u0103\u021biri\u201d, a declarat Popescu.<\/p>\n<p>Noul ac\u021bionar majoritar a accentuat c\u0103 obiectivele principale ale clubului vor r\u0103m\u00e2ne echilibrul financiar, performan\u021ba sportiv\u0103 \u0219i p\u0103strarea identit\u0103\u021bii Farului.<\/p>\n<p>\u00cen ultimii ani, Farul Constan\u021ba a avut o evolu\u021bie constant\u0103 at\u00e2t pe plan sportiv, c\u00e2t \u0219i financiar. Conducerea clubului a afirmat c\u0103 echipa a \u00eenregistrat rezultate financiare pozitive \u00een majoritatea sezonelor recente. Cu noua structur\u0103 de ac\u021bionariat, Farul \u00ee\u0219i propune s\u0103 continue modelul de dezvoltare axat pe academie, sustenabilitate financiar\u0103 \u0219i performan\u021b\u0103 sportiv\u0103, men\u021bin\u00e2nd filosofia care a stat la baza proiectului ini\u021biat de <a href=\"https:\/\/www.mediafax.ro\/sport\/hagi-intre-doua-inimi-romania-si-turcia-un-duel-decisiv-23645845\" target=\"_blank\" rel=\"noopener\">Gheorghe Hagi<\/a>.<\/p>\n","protected":false},"excerpt":{"rendered":"<p>Dup\u0103 o perioad\u0103 \u00eendelungat\u0103 petrecut\u0103 \u00een fruntea proiectului Farul Constan\u021ba, Gheorghe Hagi a decis s\u0103 se retrag\u0103 din func\u021biile decizionale ale clubului. Acesta a explicat c\u0103 dore\u0219te s\u0103 se concentreze din nou pe ceea ce \u00eei aduce cea mai mare satisfac\u021bie: antrenoratul \u0219i interac\u021biunea direct\u0103 cu juc\u0103torii. \u201eFarul are o identitate bine definit\u0103, o academie [&hellip;]<\/p>\n","protected":false},"author":6,"featured_media":8831,"comment_status":"open","ping_status":"open","sticky":false,"template":"","format":"standard","meta":{"jnews-multi-image_gallery":[],"jnews_single_post":[],"jnews_primary_category":[],"jnews_override_counter":[],"footnotes":""},"categories":[46],"tags":[11284,11673,11672,11676,1574,5545,11674,11675],"class_list":["post-8830","post","type-post","status-publish","format-standard","has-post-thumbnail","hentry","category-sport","tag-academie","tag-actionariat","tag-antrenorat","tag-ciprian-marica","tag-farul-constanta","tag-gheorghe-hagi","tag-gheorghe-popescu","tag-rivaldo"],"_links":{"self":[{"href":"https:\/\/www.newsrecorder.ro\/app\/wp-json\/wp\/v2\/posts\/8830","targetHints":{"allow":["GET"]}}],"collection":[{"href":"https:\/\/www.newsrecorder.ro\/app\/wp-json\/wp\/v2\/posts"}],"about":[{"href":"https:\/\/www.newsrecorder.ro\/app\/wp-json\/wp\/v2\/types\/post"}],"author":[{"embeddable":true,"href":"https:\/\/www.newsrecorder.ro\/app\/wp-json\/wp\/v2\/users\/6"}],"replies":[{"embeddable":true,"href":"https:\/\/www.newsrecorder.ro\/app\/wp-json\/wp\/v2\/comments?post=8830"}],"version-history":[{"count":0,"href":"https:\/\/www.newsrecorder.ro\/app\/wp-json\/wp\/v2\/posts\/8830\/revisions"}],"wp:featuredmedia":[{"embeddable":true,"href":"https:\/\/www.newsrecorder.ro\/app\/wp-json\/wp\/v2\/media\/8831"}],"wp:attachment":[{"href":"https:\/\/www.newsrecorder.ro\/app\/wp-json\/wp\/v2\/media?parent=8830"}],"wp:term":[{"taxonomy":"category","embeddable":true,"href":"https:\/\/www.newsrecorder.ro\/app\/wp-json\/wp\/v2\/categories?post=8830"},{"taxonomy":"post_tag","embeddable":true,"href":"https:\/\/www.newsrecorder.ro\/app\/wp-json\/wp\/v2\/tags?post=8830"}],"curies":[{"name":"wp","href":"https:\/\/api.w.org\/{rel}","templated":true}]}}