{"id":8832,"date":"2026-03-16T18:09:21","date_gmt":"2026-03-16T18:09:21","guid":{"rendered":"https:\/\/www.newsrecorder.ro\/app\/2026\/03\/16\/sean-penn-la-kiev-un-adevarat-prieten-al-ucrainei-spune-zelenski\/"},"modified":"2026-03-16T18:09:21","modified_gmt":"2026-03-16T18:09:21","slug":"sean-penn-la-kiev-un-adevarat-prieten-al-ucrainei-spune-zelenski","status":"publish","type":"post","link":"https:\/\/www.newsrecorder.ro\/app\/2026\/03\/16\/sean-penn-la-kiev-un-adevarat-prieten-al-ucrainei-spune-zelenski\/","title":{"rendered":"Sean Penn, la Kiev: \u201eUn adev\u0103rat prieten al Ucrainei\u201d, spune Zelenski!"},"content":{"rendered":"<p class=\"font-claude-response-body break-words whitespace-normal leading-[1.7]\">Sean Penn a fost distins cu premiul Oscar pentru cel mai bun actor \u00een rol secundar datorit\u0103 interpret\u0103rii sale din filmul \u201eO b\u0103t\u0103lie dup\u0103 alta\u201d. Cu toate acestea, actorul nu a fost prezent la ceremonia de decernare a premiilor, deoarece se afla \u00eentr-o vizit\u0103 \u00een Ucraina, conform unor surse din New York Times.<\/p>\n<p class=\"font-claude-response-body break-words whitespace-normal leading-[1.7]\">Un oficial de rang \u00eenalt din Ucraina a confirmat informa\u021bia pentru AFP, subliniind c\u0103 \u201ePutem spune c\u0103 se afl\u0103 \u00een Ucraina, dar este vorba de o vizit\u0103 personal\u0103. Simte nevoia s\u0103 fie \u00een Ucraina\u201d.<\/p>\n<p class=\"font-claude-response-body break-words whitespace-normal leading-[1.7]\">\u00cen cadrul vizitei sale, Sean Penn s-a \u00eent\u00e2lnit cu pre\u0219edintele Volodimir Zelenski la Kiev. Liderul ucrainean i-a mul\u021bumit public pentru sprijinul pe care l-a oferit \u021b\u0103rii sale \u201e\u00eenc\u0103 din prima zi a invaziei la scar\u0103 larg\u0103 \u0219i chiar \u0219i ast\u0103zi\u201d.<\/p>\n<p class=\"font-claude-response-body break-words whitespace-normal leading-[1.7]\">Actorul american a vizitat Ucraina de mai multe ori \u00eencep\u00e2nd din februarie 2022, demonstr\u00e2ndu-\u0219i astfel solidaritatea fa\u021b\u0103 de o na\u021biune aflat\u0103 \u00een r\u0103zboi. Prezen\u021ba sa \u00een Ucraina, \u00een locul ceremoniei de la Hollywood, a captat aten\u021bia interna\u021bional\u0103 \u0219i a fost interpretat\u0103 ca un semnal puternic de sprijin pentru poporul ucrainean \u00een contextul continu\u0103rii conflictului.<\/p>\n<p class=\"font-claude-response-body break-words whitespace-normal leading-[1.7]\">Sean Penn este recunoscut ca unul dintre cei mai vocali sus\u021bin\u0103tori ai Ucrainei \u00een r\u00e2ndul personalit\u0103\u021bilor culturale din Occident, iar gestul s\u0103u de a c\u0103l\u0103tori \u00een Ucraina \u00een loc de a participa la gala de la Hollywood subliniaz\u0103 angajamentul s\u0103u fa\u021b\u0103 de aceast\u0103 cauz\u0103.<\/p>\n","protected":false},"excerpt":{"rendered":"<p>Sean Penn a fost distins cu premiul Oscar pentru cel mai bun actor \u00een rol secundar datorit\u0103 interpret\u0103rii sale din filmul \u201eO b\u0103t\u0103lie dup\u0103 alta\u201d. Cu toate acestea, actorul nu a fost prezent la ceremonia de decernare a premiilor, deoarece se afla \u00eentr-o vizit\u0103 \u00een Ucraina, conform unor surse din New York Times. Un oficial [&hellip;]<\/p>\n","protected":false},"author":2,"featured_media":8833,"comment_status":"open","ping_status":"open","sticky":false,"template":"","format":"standard","meta":{"jnews-multi-image_gallery":[],"jnews_single_post":[],"jnews_primary_category":[],"jnews_override_counter":[],"footnotes":""},"categories":[41],"tags":[225,11283,915,7155,1482,682,6570,1087],"class_list":["post-8832","post","type-post","status-publish","format-standard","has-post-thumbnail","hentry","category-externe","tag-actor","tag-oscar","tag-razboi","tag-sean-penn","tag-solidaritate","tag-ucraina","tag-vizita","tag-volodimir-zelenski"],"_links":{"self":[{"href":"https:\/\/www.newsrecorder.ro\/app\/wp-json\/wp\/v2\/posts\/8832","targetHints":{"allow":["GET"]}}],"collection":[{"href":"https:\/\/www.newsrecorder.ro\/app\/wp-json\/wp\/v2\/posts"}],"about":[{"href":"https:\/\/www.newsrecorder.ro\/app\/wp-json\/wp\/v2\/types\/post"}],"author":[{"embeddable":true,"href":"https:\/\/www.newsrecorder.ro\/app\/wp-json\/wp\/v2\/users\/2"}],"replies":[{"embeddable":true,"href":"https:\/\/www.newsrecorder.ro\/app\/wp-json\/wp\/v2\/comments?post=8832"}],"version-history":[{"count":0,"href":"https:\/\/www.newsrecorder.ro\/app\/wp-json\/wp\/v2\/posts\/8832\/revisions"}],"wp:featuredmedia":[{"embeddable":true,"href":"https:\/\/www.newsrecorder.ro\/app\/wp-json\/wp\/v2\/media\/8833"}],"wp:attachment":[{"href":"https:\/\/www.newsrecorder.ro\/app\/wp-json\/wp\/v2\/media?parent=8832"}],"wp:term":[{"taxonomy":"category","embeddable":true,"href":"https:\/\/www.newsrecorder.ro\/app\/wp-json\/wp\/v2\/categories?post=8832"},{"taxonomy":"post_tag","embeddable":true,"href":"https:\/\/www.newsrecorder.ro\/app\/wp-json\/wp\/v2\/tags?post=8832"}],"curies":[{"name":"wp","href":"https:\/\/api.w.org\/{rel}","templated":true}]}}