{"id":889,"date":"2026-01-30T17:17:20","date_gmt":"2026-01-30T17:17:20","guid":{"rendered":"https:\/\/www.newsrecorder.ro\/app\/2026\/01\/30\/sinner-infrunta-o-dezamagire-djokovic-il-elimina-din-semifinalele-australian-open\/"},"modified":"2026-01-30T17:17:20","modified_gmt":"2026-01-30T17:17:20","slug":"sinner-infrunta-o-dezamagire-djokovic-il-elimina-din-semifinalele-australian-open","status":"publish","type":"post","link":"https:\/\/www.newsrecorder.ro\/app\/2026\/01\/30\/sinner-infrunta-o-dezamagire-djokovic-il-elimina-din-semifinalele-australian-open\/","title":{"rendered":"Sinner \u00eenfrunt\u0103 o dezam\u0103gire: Djokovic \u00eel elimin\u0103 din semifinalele Australian Open"},"content":{"rendered":"<p>\u00cen cea de-a doua semifinal\u0103 a turneului Australian Open, tensiunea a fost la cote maxime, iar meciul a avut nevoie de cinci seturi pentru a-\u0219i desemna c\u00e2\u0219tig\u0103torul.<\/p>\n<p>Jannik Sinner, aflat pe locul doi \u00een clasamentul mondial, a fost \u00eenvins de legendarul Novak Djokovic. Scorul final a fost 3-6, 6-3, 4-6, 6-4, 6-4, iar confruntarea a durat nu mai pu\u021bin de 4 ore \u0219i 12 minute.<\/p>\n<p>\u00cen finala programat\u0103 pentru duminic\u0103, Djokovic, \u00een v\u00e2rst\u0103 de 38 de ani, se va duela cu t\u00e2n\u0103rul spaniol Carlos Alcaraz, liderul clasamentului ATP.<\/p>\n<p>Carlos Alcaraz a reu\u0219it s\u0103 se califice \u00een prima sa final\u0103 de Australian Open vineri, dup\u0103 o semifinal\u0103 epic\u0103, care a durat cinci ore \u0219i 27 de minute, \u00eempotriva lui Alexander Zverev, juc\u0103tor aflat pe locul 3 ATP.<\/p>\n<p>Alcaraz a \u00eenvins cu un rezultat str\u00e2ns de 6-4, 7-6(5), 6-7(3), 6-7(4), 7-5, meciul fiind astfel cel mai lung din istoria semifinalelor de la Australian Open.<\/p>\n<p>Acum, Carlos Alcaraz se afl\u0103 la un singur pas de a ob\u021bine Grand Slam-ul carierei, realiz\u00e2nd un vis pe care orice juc\u0103tor de tenis aspir\u0103 s\u0103-l ating\u0103: c\u00e2\u0219tigarea titlurilor de simplu la toate cele patru turnee de Grand Slam.<\/p>\n","protected":false},"excerpt":{"rendered":"<p>\u00cen cea de-a doua semifinal\u0103 a turneului Australian Open, tensiunea a fost la cote maxime, iar meciul a avut nevoie de cinci seturi pentru a-\u0219i desemna c\u00e2\u0219tig\u0103torul. Jannik Sinner, aflat pe locul doi \u00een clasamentul mondial, a fost \u00eenvins de legendarul Novak Djokovic. Scorul final a fost 3-6, 6-3, 4-6, 6-4, 6-4, iar confruntarea a [&hellip;]<\/p>\n","protected":false},"author":6,"featured_media":890,"comment_status":"open","ping_status":"open","sticky":false,"template":"","format":"standard","meta":{"jnews-multi-image_gallery":[],"jnews_single_post":[],"jnews_primary_category":[],"jnews_override_counter":[],"footnotes":""},"categories":[46],"tags":[66,327,332,1412,841,1578,65,1100],"class_list":["post-889","post","type-post","status-publish","format-standard","has-post-thumbnail","hentry","category-sport","tag-australian-open","tag-carlos-alcaraz","tag-clasament-atp","tag-grand-slam","tag-jannik-sinner","tag-meci-epic","tag-novak-djokovic","tag-semifinala"],"_links":{"self":[{"href":"https:\/\/www.newsrecorder.ro\/app\/wp-json\/wp\/v2\/posts\/889","targetHints":{"allow":["GET"]}}],"collection":[{"href":"https:\/\/www.newsrecorder.ro\/app\/wp-json\/wp\/v2\/posts"}],"about":[{"href":"https:\/\/www.newsrecorder.ro\/app\/wp-json\/wp\/v2\/types\/post"}],"author":[{"embeddable":true,"href":"https:\/\/www.newsrecorder.ro\/app\/wp-json\/wp\/v2\/users\/6"}],"replies":[{"embeddable":true,"href":"https:\/\/www.newsrecorder.ro\/app\/wp-json\/wp\/v2\/comments?post=889"}],"version-history":[{"count":0,"href":"https:\/\/www.newsrecorder.ro\/app\/wp-json\/wp\/v2\/posts\/889\/revisions"}],"wp:featuredmedia":[{"embeddable":true,"href":"https:\/\/www.newsrecorder.ro\/app\/wp-json\/wp\/v2\/media\/890"}],"wp:attachment":[{"href":"https:\/\/www.newsrecorder.ro\/app\/wp-json\/wp\/v2\/media?parent=889"}],"wp:term":[{"taxonomy":"category","embeddable":true,"href":"https:\/\/www.newsrecorder.ro\/app\/wp-json\/wp\/v2\/categories?post=889"},{"taxonomy":"post_tag","embeddable":true,"href":"https:\/\/www.newsrecorder.ro\/app\/wp-json\/wp\/v2\/tags?post=889"}],"curies":[{"name":"wp","href":"https:\/\/api.w.org\/{rel}","templated":true}]}}