{"id":8894,"date":"2026-03-16T20:06:39","date_gmt":"2026-03-16T20:06:39","guid":{"rendered":"https:\/\/www.newsrecorder.ro\/app\/2026\/03\/16\/tensiuni-globale-trump-avertizeaza-iar-ministrii-germani-ataca\/"},"modified":"2026-03-16T20:06:39","modified_gmt":"2026-03-16T20:06:39","slug":"tensiuni-globale-trump-avertizeaza-iar-ministrii-germani-ataca","status":"publish","type":"post","link":"https:\/\/www.newsrecorder.ro\/app\/2026\/03\/16\/tensiuni-globale-trump-avertizeaza-iar-ministrii-germani-ataca\/","title":{"rendered":"Tensiuni globale: Trump avertizeaz\u0103, iar mini\u0219trii germani atac\u0103!"},"content":{"rendered":"<p><strong><a style=\"color: #ff0000\" href=\"https:\/\/www.mediafax.ro\/politic\/reactia-romaniei-la-amenintarea-iranului-mae-romania-nu-este-parte-a-conflictului-23704044\" target=\"_blank\" rel=\"noopener\">Ministerul Afacerilor Externe (MAE)<\/a><\/strong> al Rom\u00e2niei a emis o declara\u021bie clar\u0103 \u00een urma avertismentului din partea Iranului, care a sugerat c\u0103 disponibilizarea bazelor militare rom\u00e2ne\u0219ti pentru Statele Unite ar putea fi considerat\u0103 o participare la o agresiune militar\u0103 \u00eempotriva Republicii Islamice. Reprezentan\u021bii MAE subliniaz\u0103 c\u0103 Rom\u00e2nia nu are nicio implicare \u00een acest conflict.<\/p>\n<p>Declara\u021bia a fost generat\u0103 de comentariile purt\u0103torului de cuv\u00e2nt al Ministerului iranian de Externe, Esmaeil Baghaei. Acesta a declarat c\u0103, \u00een opinia Iranului, Rom\u00e2nia ar deveni complice la agresiunea militar\u0103 \u00eempotriva sa dac\u0103 \u00ee\u0219i pune bazele la dispozi\u021bia SUA.<\/p>\n<p>\u00centr-o alt\u0103 not\u0103, premierul Spaniei, <strong><a style=\"color: #ff0000\" href=\"https:\/\/www.mediafax.ro\/externe\/premierul-spaniei-afirma-ca-razboiul-lui-trump-impotriva-iranului-submineaza-ordinea-internationala-23704068\">Pedro S\u00e1nchez<\/a><\/strong>, a criticat ac\u021biunile pre\u0219edintelui american Donald Trump, afirm\u00e2nd c\u0103 acestea submineaz\u0103 ordinea interna\u021bional\u0103. El a descris conflictul ca fiind un r\u0103zboi unilateral, declan\u0219at f\u0103r\u0103 consultarea alia\u021bilor.<\/p>\n<p>\u00cen Iran, Ayatollahul Seyed Mojtaba Khamenei l-a numit pe Generalul Mohsen Rezaei consilier militar al Comandantului Suprem al For\u021belor Armate, acesta av\u00e2nd un trecut de comandant al G\u0103rzilor Islamice Revolu\u021bionare.<\/p>\n<p>Pe de alt\u0103 parte, Trump a declarat c\u0103 se a\u0219teapt\u0103 ca r\u0103zboiul din Iran s\u0103 se \u00eencheie cur\u00e2nd, dar a acuzat totodat\u0103 Iranul de lipsa preg\u0103tirii pentru un acord de pace. El a men\u021bionat c\u0103 pre\u021bul conflictului este \u201eneglijabil\u201d.<\/p>\n<p>Agen\u021bia iranian\u0103 Tasnim a detaliat condi\u021biile pe care Iranul le impune pentru deschiderea Str\u00e2mtorii Ormuz. Acestea includ ridicarea sanc\u021biunilor, retragerea bazelor americane, returnarea activelor \u00eenghe\u021bate \u0219i dezvoltarea comer\u021bului \u00een valute alternative fa\u021b\u0103 de dolar.<\/p>\n<p>\u00cen ceea ce prive\u0219te atacurile din regiune, jurnali\u0219tii AFP au raportat o explozie puternic\u0103 deasupra Ierusalimului, provocat\u0103 de rachetele detectate de Armata Israelului (IDF), care au fost lansate \u00een r\u0103spuns la atacurile israeliene asupra ora\u0219elor iraniene.<\/p>\n<p>Sistemele de ap\u0103rare aerian\u0103 din Emiratele Arabe Unite au interceptat \u0219ase rachete balistice \u0219i 21 de drone \u00een aceea\u0219i zi. De la \u00eenceputul conflictului, aceste sisteme au reu\u0219it s\u0103 intercepteze un total de 304 rachete balistice, 15 rachete de croazier\u0103 \u0219i 1.627 de drone, conform Gulf News.<\/p>\n<p>De asemenea, au fost raportate explozii \u00een Doha, Qatar, unde for\u021bele aeriene au interceptat un atac cu rachet\u0103. Autorit\u0103\u021bile din Qatar au emis un avertisment de nivel ridicat de amenin\u021bare la adresa securit\u0103\u021bii na\u021bionale, \u00eendemn\u00e2nd cet\u0103\u021benii s\u0103 se ad\u0103posteasc\u0103.<\/p>\n<p>\u00cen acest context, Donald Trump a anun\u021bat c\u0103 va sus\u021bine o conferin\u021b\u0103 de pres\u0103 \u00een care va discuta despre situa\u021bia din regiune.<\/p>\n<p>Ministrul de Externe al Danemarcei a solicitat Europei s\u0103 intervin\u0103 \u00een Str\u00e2mtoarea Ormuz, de\u0219i continentul nu sprijin\u0103 r\u0103zboiul declan\u0219at de SUA \u0219i Israel \u00eempotriva Iranului.<\/p>\n<p>Iranul acuz\u0103 Ucraina de implicare \u00een conflict, prin trimiterea consilierilor militari \u00een Orientul Mijlociu pentru a lupta \u00eempotriva dronelor iraniene, ceea ce ar putea transforma Kievul \u00eentr-un complice al agresiunii SUA \u0219i Israelului.<\/p>\n<p>\u00centre timp, conflictele din Orientul Mijlociu continu\u0103 s\u0103 aib\u0103 efecte asupra economiei globale. Uniunea European\u0103 a anun\u021bat un ajutor umanitar de 525 de milioane de dolari pentru a r\u0103spunde crizelor din regiune.<\/p>\n<p>R\u0103zboiul din Orientul Mijlociu se prelunge\u0219te, iar alia\u021bii SUA se a\u0219teapt\u0103 la o escaladare a conflictului p\u00e2n\u0103 \u00een septembrie. Germania \u0219i Grecia au exclus orice implicare militar\u0103, iar premierul britanic a afirmat c\u0103 Regatul Unit nu va fi atras \u00eentr-un conflict mai amplu.<\/p>\n<p>\u00cen final, Trump a avertizat c\u0103 NATO se va confrunta cu un viitor sumbru dac\u0103 alia\u021bii nu reu\u0219esc s\u0103 ajute SUA \u00een acest conflict, subliniind importan\u021ba colabor\u0103rii interna\u021bionale pentru men\u021binerea p\u0103cii \u0219i stabilit\u0103\u021bii \u00een regiune.<\/p>\n","protected":false},"excerpt":{"rendered":"<p>Ministerul Afacerilor Externe (MAE) al Rom\u00e2niei a emis o declara\u021bie clar\u0103 \u00een urma avertismentului din partea Iranului, care a sugerat c\u0103 disponibilizarea bazelor militare rom\u00e2ne\u0219ti pentru Statele Unite ar putea fi considerat\u0103 o participare la o agresiune militar\u0103 \u00eempotriva Republicii Islamice. Reprezentan\u021bii MAE subliniaz\u0103 c\u0103 Rom\u00e2nia nu are nicio implicare \u00een acest conflict. Declara\u021bia a [&hellip;]<\/p>\n","protected":false},"author":2,"featured_media":8895,"comment_status":"open","ping_status":"open","sticky":false,"template":"","format":"standard","meta":{"jnews-multi-image_gallery":[],"jnews_single_post":[],"jnews_primary_category":[],"jnews_override_counter":[],"footnotes":""},"categories":[41],"tags":[10004,684,5180,913,359,8605,149,680],"class_list":["post-8894","post","type-post","status-publish","format-standard","has-post-thumbnail","hentry","category-externe","tag-agresiune-militara","tag-conflict","tag-declaratie","tag-iran","tag-ministerul-afacerilor-externe","tag-pedro-sanchez","tag-romania","tag-statele-unite"],"_links":{"self":[{"href":"https:\/\/www.newsrecorder.ro\/app\/wp-json\/wp\/v2\/posts\/8894","targetHints":{"allow":["GET"]}}],"collection":[{"href":"https:\/\/www.newsrecorder.ro\/app\/wp-json\/wp\/v2\/posts"}],"about":[{"href":"https:\/\/www.newsrecorder.ro\/app\/wp-json\/wp\/v2\/types\/post"}],"author":[{"embeddable":true,"href":"https:\/\/www.newsrecorder.ro\/app\/wp-json\/wp\/v2\/users\/2"}],"replies":[{"embeddable":true,"href":"https:\/\/www.newsrecorder.ro\/app\/wp-json\/wp\/v2\/comments?post=8894"}],"version-history":[{"count":0,"href":"https:\/\/www.newsrecorder.ro\/app\/wp-json\/wp\/v2\/posts\/8894\/revisions"}],"wp:featuredmedia":[{"embeddable":true,"href":"https:\/\/www.newsrecorder.ro\/app\/wp-json\/wp\/v2\/media\/8895"}],"wp:attachment":[{"href":"https:\/\/www.newsrecorder.ro\/app\/wp-json\/wp\/v2\/media?parent=8894"}],"wp:term":[{"taxonomy":"category","embeddable":true,"href":"https:\/\/www.newsrecorder.ro\/app\/wp-json\/wp\/v2\/categories?post=8894"},{"taxonomy":"post_tag","embeddable":true,"href":"https:\/\/www.newsrecorder.ro\/app\/wp-json\/wp\/v2\/tags?post=8894"}],"curies":[{"name":"wp","href":"https:\/\/api.w.org\/{rel}","templated":true}]}}